{"id":8057,"date":"2014-02-13T17:01:43","date_gmt":"2014-02-13T20:01:43","guid":{"rendered":"http:\/\/www.cordobatimes.com\/deportes\/?p=8057"},"modified":"2014-02-14T09:13:58","modified_gmt":"2014-02-14T12:13:58","slug":"bianchi-repetira-equipo-para-recibir-a-belgrano","status":"publish","type":"post","link":"https:\/\/www.cordobatimes.com\/deportes\/futbol\/2014\/02\/13\/bianchi-repetira-equipo-para-recibir-a-belgrano\/","title":{"rendered":"Bianchi repetir\u00e1 equipo para recibir a Belgrano"},"content":{"rendered":"<h3><strong><a href=\"http:\/\/www.cordobatimes.com\/deportes\/wp-content\/uploads\/2014\/02\/Bianchi.jpg\"><img loading=\"lazy\" decoding=\"async\" class=\"alignnone size-full wp-image-8068\" alt=\"Bianchi\" src=\"http:\/\/www.cordobatimes.com\/deportes\/wp-content\/uploads\/2014\/02\/Bianchi.jpg\" width=\"900\" height=\"577\" data-id=\"8068\" srcset=\"https:\/\/www.cordobatimes.com\/deportes\/wp-content\/uploads\/2014\/02\/Bianchi.jpg 900w, https:\/\/www.cordobatimes.com\/deportes\/wp-content\/uploads\/2014\/02\/Bianchi-300x192.jpg 300w\" sizes=\"auto, (max-width: 900px) 100vw, 900px\" \/><\/a><\/strong><\/h3>\n<h3><strong>Seg\u00fan lo observado en la pr\u00e1ctica de f\u00fatbol realizada este jueves en Casa Amarilla, el Virrey mantendr\u00e1 los 11 que empataron con Newell&#8217;s en Rosario. Juan Rom\u00e1n Riquelme no ir\u00e1 ni al banco de suplentes.<\/strong><\/h3>\n<p>&nbsp;<\/p>\n<p>Mientras esperan la resoluci\u00f3n de la Justicia por el pedido que el club realiz\u00f3 para que se revea la prohibici\u00f3n de jugar con p\u00fablico, el entrenador Xeneize diagram\u00f3 un ensayo formal, donde se vislumbr\u00f3 la misma alineaci\u00f3n que puso en cancha en el Coloso del Parque. El partido, que correspondi\u00f3 a la primera fecha del Torneo Final, termin\u00f3 empatado 0-0. Pese a no dominar el juego, los de la Ribera contaron con chances claras de gol para ganarlo.<\/p>\n<p>Este domingo, desde las 21.30, ser\u00e1 la segunda presentaci\u00f3n boquense. Para el duelo ante el Pirata, Carlos Bianchi pondr\u00e1 en cancha, salvo alg\u00fan inconveniente de \u00faltimo momento, a estos jugadores:\u00a0Agust\u00edn Orion; Hern\u00e1n Grana, Daniel D\u00edaz, Juan Forl\u00edn, Nauel Z\u00e1rate; Cristian Erbes, Fernando Gago, Pablo Ledesma, Juan S\u00e1nchez Mi\u00f1o; Juan Manuel Mart\u00ednez y Emmanuel Gigliotti.<\/p>\n<p>De esta forma, el capit\u00e1n Juan Rom\u00e1n Riquelme seguir\u00e1 con su puesta a punto f\u00edsica y futbol\u00edstica por, al menos, una semana m\u00e1s, ya que tampoco integrar\u00e1 el banco de relevos.<\/p>\n","protected":false},"excerpt":{"rendered":"<p>Seg\u00fan lo observado en la pr\u00e1ctica de f\u00fatbol realizada este jueves en Casa Amarilla, el Virrey mantendr\u00e1 los 11 que empataron con Newell&#8217;s en Rosario. Juan Rom\u00e1n Riquelme no ir\u00e1 ni al banco de suplentes. &nbsp; Mientras esperan la resoluci\u00f3n de la Justicia por el pedido que el club realiz\u00f3 para que se revea la [&hellip;]<\/p>\n","protected":false},"author":2,"featured_media":8068,"comment_status":"open","ping_status":"open","sticky":false,"template":"","format":"standard","meta":{"_seopress_robots_primary_cat":"","_seopress_titles_title":"","_seopress_titles_desc":"","_seopress_robots_index":"","footnotes":""},"categories":[2,16],"tags":[33,26,37,230,52,1816],"class_list":["post-8057","post","type-post","status-publish","format-standard","has-post-thumbnail","hentry","category-futbol","category-primera-division","tag-afa","tag-argentina","tag-belgrano","tag-bianchi","tag-boca","tag-torneo-final"],"_links":{"self":[{"href":"https:\/\/www.cordobatimes.com\/deportes\/wp-json\/wp\/v2\/posts\/8057","targetHints":{"allow":["GET"]}}],"collection":[{"href":"https:\/\/www.cordobatimes.com\/deportes\/wp-json\/wp\/v2\/posts"}],"about":[{"href":"https:\/\/www.cordobatimes.com\/deportes\/wp-json\/wp\/v2\/types\/post"}],"author":[{"embeddable":true,"href":"https:\/\/www.cordobatimes.com\/deportes\/wp-json\/wp\/v2\/users\/2"}],"replies":[{"embeddable":true,"href":"https:\/\/www.cordobatimes.com\/deportes\/wp-json\/wp\/v2\/comments?post=8057"}],"version-history":[{"count":0,"href":"https:\/\/www.cordobatimes.com\/deportes\/wp-json\/wp\/v2\/posts\/8057\/revisions"}],"wp:featuredmedia":[{"embeddable":true,"href":"https:\/\/www.cordobatimes.com\/deportes\/wp-json\/wp\/v2\/media\/8068"}],"wp:attachment":[{"href":"https:\/\/www.cordobatimes.com\/deportes\/wp-json\/wp\/v2\/media?parent=8057"}],"wp:term":[{"taxonomy":"category","embeddable":true,"href":"https:\/\/www.cordobatimes.com\/deportes\/wp-json\/wp\/v2\/categories?post=8057"},{"taxonomy":"post_tag","embeddable":true,"href":"https:\/\/www.cordobatimes.com\/deportes\/wp-json\/wp\/v2\/tags?post=8057"}],"curies":[{"name":"wp","href":"https:\/\/api.w.org\/{rel}","templated":true}]}}