{"id":8036,"date":"2014-02-12T14:37:19","date_gmt":"2014-02-12T17:37:19","guid":{"rendered":"http:\/\/www.cordobatimes.com\/deportes\/?p=8036"},"modified":"2014-02-12T14:37:19","modified_gmt":"2014-02-12T17:37:19","slug":"empeora-el-estado-de-salud-de-schumacher","status":"publish","type":"post","link":"https:\/\/www.cordobatimes.com\/deportes\/automovilismo\/2014\/02\/12\/empeora-el-estado-de-salud-de-schumacher\/","title":{"rendered":"Empeora el estado de salud de Schumacher"},"content":{"rendered":"<h3 style=\"text-align: justify;\"><a href=\"http:\/\/www.cordobatimes.com\/deportes\/wp-content\/uploads\/2014\/02\/achumacher.jpg\"><img loading=\"lazy\" decoding=\"async\" class=\"alignnone size-full wp-image-8037\" alt=\"achumacher\" src=\"http:\/\/www.cordobatimes.com\/deportes\/wp-content\/uploads\/2014\/02\/achumacher.jpg\" width=\"1500\" height=\"1001\" data-id=\"8037\" srcset=\"https:\/\/www.cordobatimes.com\/deportes\/wp-content\/uploads\/2014\/02\/achumacher.jpg 1500w, https:\/\/www.cordobatimes.com\/deportes\/wp-content\/uploads\/2014\/02\/achumacher-300x200.jpg 300w, https:\/\/www.cordobatimes.com\/deportes\/wp-content\/uploads\/2014\/02\/achumacher-1024x683.jpg 1024w\" sizes=\"auto, (max-width: 1500px) 100vw, 1500px\" \/><\/a><\/h3>\n<h3 style=\"text-align: justify;\">Luego de comenzar el per\u00edodo de despertar al ex piloto de F1 del coma inducido en el que se encuentra desde el pasado 29 de diciembre, el diario alem\u00e1n Bild inform\u00f3 que el m\u00faltiple campe\u00f3n ha contra\u00eddo una neumon\u00eda.<\/h3>\n<p style=\"text-align: justify;\">\n<p style=\"text-align: justify;\">\nEste nuevo cuadro complica a\u00fan m\u00e1s el estado de salud de Michael Schumacher, \u00a0al que se le ha retirado la medicaci\u00f3n para despertarlo del coma.<\/p>\n<p style=\"text-align: justify;\">Por su parte, el Jefe de Departamento de Medicina de Emergencia de la Cl\u00ednica Asklepios de Hamburgo explic\u00f3 al medio alem\u00e1n: &#8220;La neumon\u00eda generalmente es una enfermedad grave y peligrosa, ya que el cuerpo recibe menos ox\u00edgeno de lo habitual. Una neumon\u00eda en pacientes que se encuentren en la UCI puede llegar a causar fallos en distintos \u00f3rganos del cuerpo y, en el peor de los casos, la muerte&#8221;.<\/p>\n<p style=\"text-align: justify;\">\n<strong>Por Laura Rodriguez | Tw: @laurodriguez6<\/strong><\/p>\n","protected":false},"excerpt":{"rendered":"<p>Luego de comenzar el per\u00edodo de despertar al ex piloto de F1 del coma inducido en el que se encuentra desde el pasado 29 de diciembre, el diario alem\u00e1n Bild inform\u00f3 que el m\u00faltiple campe\u00f3n ha contra\u00eddo una neumon\u00eda. Este nuevo cuadro complica a\u00fan m\u00e1s el estado de salud de Michael Schumacher, \u00a0al que se [&hellip;]<\/p>\n","protected":false},"author":6,"featured_media":8037,"comment_status":"open","ping_status":"open","sticky":false,"template":"","format":"standard","meta":{"_seopress_robots_primary_cat":"","_seopress_titles_title":"","_seopress_titles_desc":"","_seopress_robots_index":"","footnotes":""},"categories":[1],"tags":[1635,1348],"class_list":["post-8036","post","type-post","status-publish","format-standard","has-post-thumbnail","hentry","category-automovilismo","tag-fuerza-schumi","tag-michael-schumacher"],"_links":{"self":[{"href":"https:\/\/www.cordobatimes.com\/deportes\/wp-json\/wp\/v2\/posts\/8036","targetHints":{"allow":["GET"]}}],"collection":[{"href":"https:\/\/www.cordobatimes.com\/deportes\/wp-json\/wp\/v2\/posts"}],"about":[{"href":"https:\/\/www.cordobatimes.com\/deportes\/wp-json\/wp\/v2\/types\/post"}],"author":[{"embeddable":true,"href":"https:\/\/www.cordobatimes.com\/deportes\/wp-json\/wp\/v2\/users\/6"}],"replies":[{"embeddable":true,"href":"https:\/\/www.cordobatimes.com\/deportes\/wp-json\/wp\/v2\/comments?post=8036"}],"version-history":[{"count":0,"href":"https:\/\/www.cordobatimes.com\/deportes\/wp-json\/wp\/v2\/posts\/8036\/revisions"}],"wp:featuredmedia":[{"embeddable":true,"href":"https:\/\/www.cordobatimes.com\/deportes\/wp-json\/wp\/v2\/media\/8037"}],"wp:attachment":[{"href":"https:\/\/www.cordobatimes.com\/deportes\/wp-json\/wp\/v2\/media?parent=8036"}],"wp:term":[{"taxonomy":"category","embeddable":true,"href":"https:\/\/www.cordobatimes.com\/deportes\/wp-json\/wp\/v2\/categories?post=8036"},{"taxonomy":"post_tag","embeddable":true,"href":"https:\/\/www.cordobatimes.com\/deportes\/wp-json\/wp\/v2\/tags?post=8036"}],"curies":[{"name":"wp","href":"https:\/\/api.w.org\/{rel}","templated":true}]}}