{"id":8009,"date":"2014-02-11T21:28:05","date_gmt":"2014-02-12T00:28:05","guid":{"rendered":"http:\/\/www.cordobatimes.com\/deportes\/?p=8009"},"modified":"2014-02-11T21:30:05","modified_gmt":"2014-02-12T00:30:05","slug":"en-su-regreso-a-la-copa-san-lorenzo-cayo-con-botafogo","status":"publish","type":"post","link":"https:\/\/www.cordobatimes.com\/deportes\/futbol\/2014\/02\/11\/en-su-regreso-a-la-copa-san-lorenzo-cayo-con-botafogo\/","title":{"rendered":"En su regreso a la Copa, San Lorenzo cay\u00f3 con Botafogo"},"content":{"rendered":"<h3 style=\"text-align: justify;\"><strong><a href=\"http:\/\/www.cordobatimes.com\/deportes\/wp-content\/uploads\/2014\/02\/San-lorenzo.jpg\"><img loading=\"lazy\" decoding=\"async\" class=\"size-full wp-image-8010 aligncenter\" alt=\"San lorenzo\" src=\"http:\/\/www.cordobatimes.com\/deportes\/wp-content\/uploads\/2014\/02\/San-lorenzo.jpg\" width=\"480\" height=\"270\" data-id=\"8010\" srcset=\"https:\/\/www.cordobatimes.com\/deportes\/wp-content\/uploads\/2014\/02\/San-lorenzo.jpg 480w, https:\/\/www.cordobatimes.com\/deportes\/wp-content\/uploads\/2014\/02\/San-lorenzo-300x168.jpg 300w\" sizes=\"auto, (max-width: 480px) 100vw, 480px\" \/><\/a><\/strong><\/h3>\n<h3 style=\"text-align: justify;\"><strong>El Cicl\u00f3n no logr\u00f3 hacer pie en el Maracan\u00e1 y, gracias a los goles de Ferreyra y Wallyson, perdi\u00f3 2-0 ante uno de los equipos m\u00e1s grandes de R\u00edo de Janeiro. El ciclo de Bauza acumula dos derrotas en igual cantidad de presentaciones.<\/strong><\/h3>\n<p>&nbsp;<\/p>\n<p style=\"text-align: justify;\">La llegada del Pat\u00f3n al banco azulgrana gener\u00f3 esperanza por su pasado, la manera de trabajar y los objetivos con los que arrib\u00f3. Tras el debut con traspi\u00e9 en Bah\u00eda Blanca por el Torneo Final, los de Boedo pusieron el ojo en su primera presentaci\u00f3n por la Copa Libertadores, que tampoco le fue agradable y volver\u00e1n de Brasil con m\u00e1s preocupaciones que certezas.<\/p>\n<p style=\"text-align: justify;\">En el primer tiempo, a los 29`, Juan Carlos Ferreyra puso el 1-0 local. Ya en el complemento, Wallyson, cuando el reloj indicaba 6`, estamp\u00f3 el 2-0 que terminar\u00eda siendo definitivo.<\/p>\n<p style=\"text-align: justify;\">Ahora, San Lorenzo enfrentar\u00e1 Independiente de Ecuador el 27 de febrero. Por lo pronto, este fin de semana se medir\u00e1 con Racing por la segunda fecha del campeonato argentino.<\/p>\n","protected":false},"excerpt":{"rendered":"<p>El Cicl\u00f3n no logr\u00f3 hacer pie en el Maracan\u00e1 y, gracias a los goles de Ferreyra y Wallyson, perdi\u00f3 2-0 ante uno de los equipos m\u00e1s grandes de R\u00edo de Janeiro. El ciclo de Bauza acumula dos derrotas en igual cantidad de presentaciones. &nbsp; La llegada del Pat\u00f3n al banco azulgrana gener\u00f3 esperanza por su [&hellip;]<\/p>\n","protected":false},"author":2,"featured_media":8010,"comment_status":"open","ping_status":"open","sticky":false,"template":"","format":"standard","meta":{"_seopress_robots_primary_cat":"","_seopress_titles_title":"","_seopress_titles_desc":"","_seopress_robots_index":"","footnotes":""},"categories":[21,2],"tags":[1388,219,313],"class_list":["post-8009","post","type-post","status-publish","format-standard","has-post-thumbnail","hentry","category-copa-libertadores","category-futbol","tag-botafogo","tag-copa-libertadores-2","tag-san-lorenzo"],"_links":{"self":[{"href":"https:\/\/www.cordobatimes.com\/deportes\/wp-json\/wp\/v2\/posts\/8009","targetHints":{"allow":["GET"]}}],"collection":[{"href":"https:\/\/www.cordobatimes.com\/deportes\/wp-json\/wp\/v2\/posts"}],"about":[{"href":"https:\/\/www.cordobatimes.com\/deportes\/wp-json\/wp\/v2\/types\/post"}],"author":[{"embeddable":true,"href":"https:\/\/www.cordobatimes.com\/deportes\/wp-json\/wp\/v2\/users\/2"}],"replies":[{"embeddable":true,"href":"https:\/\/www.cordobatimes.com\/deportes\/wp-json\/wp\/v2\/comments?post=8009"}],"version-history":[{"count":0,"href":"https:\/\/www.cordobatimes.com\/deportes\/wp-json\/wp\/v2\/posts\/8009\/revisions"}],"wp:featuredmedia":[{"embeddable":true,"href":"https:\/\/www.cordobatimes.com\/deportes\/wp-json\/wp\/v2\/media\/8010"}],"wp:attachment":[{"href":"https:\/\/www.cordobatimes.com\/deportes\/wp-json\/wp\/v2\/media?parent=8009"}],"wp:term":[{"taxonomy":"category","embeddable":true,"href":"https:\/\/www.cordobatimes.com\/deportes\/wp-json\/wp\/v2\/categories?post=8009"},{"taxonomy":"post_tag","embeddable":true,"href":"https:\/\/www.cordobatimes.com\/deportes\/wp-json\/wp\/v2\/tags?post=8009"}],"curies":[{"name":"wp","href":"https:\/\/api.w.org\/{rel}","templated":true}]}}