{"id":7927,"date":"2014-02-09T22:04:26","date_gmt":"2014-02-10T01:04:26","guid":{"rendered":"http:\/\/www.cordobatimes.com\/deportes\/?p=7927"},"modified":"2014-02-09T22:04:26","modified_gmt":"2014-02-10T01:04:26","slug":"stoch-le-dio-el-primer-oro-de-la-historia-a-polonia-en-saltos-de-esqui","status":"publish","type":"post","link":"https:\/\/www.cordobatimes.com\/deportes\/polideportivo\/2014\/02\/09\/stoch-le-dio-el-primer-oro-de-la-historia-a-polonia-en-saltos-de-esqui\/","title":{"rendered":"Stoch le dio el primer oro de la historia a Polonia en saltos de esqu\u00ed"},"content":{"rendered":"<h3 style=\"text-align: justify;\"><strong><a href=\"http:\/\/www.cordobatimes.com\/deportes\/wp-content\/uploads\/2014\/02\/stoch.png\"><img loading=\"lazy\" decoding=\"async\" class=\"alignnone size-full wp-image-7928\" style=\"margin: 5px;\" alt=\"stoch\" src=\"http:\/\/www.cordobatimes.com\/deportes\/wp-content\/uploads\/2014\/02\/stoch.png\" width=\"736\" height=\"424\" data-id=\"7928\" srcset=\"https:\/\/www.cordobatimes.com\/deportes\/wp-content\/uploads\/2014\/02\/stoch.png 736w, https:\/\/www.cordobatimes.com\/deportes\/wp-content\/uploads\/2014\/02\/stoch-300x172.png 300w, https:\/\/www.cordobatimes.com\/deportes\/wp-content\/uploads\/2014\/02\/stoch-305x175.png 305w\" sizes=\"auto, (max-width: 736px) 100vw, 736px\" \/><\/a>El l\u00edder de la Copa del Mundo logr\u00f3 lo que su compatriota Adam Malysz nunca pudo. En un hecho hist\u00f3rico para el pa\u00eds en los Juegos de Invierno, se qued\u00f3 con la primera corona ol\u00edmpica. Mir\u00e1 el terrible salto de 105,5 metros.<br \/>\n<\/strong><\/h3>\n<p>&nbsp;<\/p>\n<p style=\"text-align: justify;\">En una nueva jornada de los Juegos Ol\u00edmpicos de Invierno en Sochi, el polaco Kamil Stoch consigui\u00f3 llevarse la primera medalla de oro de la historia para su pa\u00eds en saltos de esqu\u00ed. La haza\u00f1a la logr\u00f3 con saltos de 105,5 y 103,5 metros para un score combinado de 278 puntos, en el RusSki Gorki Center der Krasnaya Polyana.<\/p>\n<p style=\"text-align: justify;\">La plata fue para Peter Prevc, con 265,3 puntos (102,5 y 99,0), y el bronce qued\u00f3 en manos del noruego Anders Bardal, con 264,1 (101,5 y 98,5). La medalla de Prevc tambi\u00e9n es un hecho sin precedentes, ya que es la primera medalla ol\u00edmpica en saltos en la historia de Eslovenia.<\/p>\n<p style=\"text-align: justify;\">Stoch es el segundo polaco en consacgrarse campe\u00f3n ol\u00edmpico, luego de Wojciech Fortuna, que se impuso en Sapporo en 1972. Mientras que Adam Malysz, considerado uno de los mejores saltadores de la historia y retirado en 2011, no pudo nunca conseguir la corona ol\u00edmpica y tuvo que conformarse con tres platas.<\/p>\n<p style=\"text-align: justify;\"><strong>Mir\u00e1 el salto de Stoch que le dio el oro a Polonia<\/strong><\/p>\n<p><iframe loading=\"lazy\" src=\"\/\/www.youtube.com\/embed\/vE2zY-l22bM\" height=\"315\" width=\"420\" allowfullscreen=\"\" frameborder=\"0\"><\/iframe><\/p>\n<p><strong>Por Dar\u00edo Rizzi | @dariorizziok | dario@cordobatimes.com<\/strong><\/p>\n","protected":false},"excerpt":{"rendered":"<p>El l\u00edder de la Copa del Mundo logr\u00f3 lo que su compatriota Adam Malysz nunca pudo. En un hecho hist\u00f3rico para el pa\u00eds en los Juegos de Invierno, se qued\u00f3 con la primera corona ol\u00edmpica. Mir\u00e1 el terrible salto de 105,5 metros. &nbsp; En una nueva jornada de los Juegos Ol\u00edmpicos de Invierno en Sochi, [&hellip;]<\/p>\n","protected":false},"author":5,"featured_media":7928,"comment_status":"open","ping_status":"open","sticky":false,"template":"","format":"standard","meta":{"_seopress_robots_primary_cat":"","_seopress_titles_title":"","_seopress_titles_desc":"","_seopress_robots_index":"","footnotes":""},"categories":[6],"tags":[1849,1851,1853,1852,1850],"class_list":["post-7927","post","type-post","status-publish","format-standard","has-post-thumbnail","hentry","category-polideportivo","tag-jj-oo-invierno","tag-juegos-olimpicos-de-sochi","tag-medalla-de-oro","tag-polonia","tag-stoch"],"_links":{"self":[{"href":"https:\/\/www.cordobatimes.com\/deportes\/wp-json\/wp\/v2\/posts\/7927","targetHints":{"allow":["GET"]}}],"collection":[{"href":"https:\/\/www.cordobatimes.com\/deportes\/wp-json\/wp\/v2\/posts"}],"about":[{"href":"https:\/\/www.cordobatimes.com\/deportes\/wp-json\/wp\/v2\/types\/post"}],"author":[{"embeddable":true,"href":"https:\/\/www.cordobatimes.com\/deportes\/wp-json\/wp\/v2\/users\/5"}],"replies":[{"embeddable":true,"href":"https:\/\/www.cordobatimes.com\/deportes\/wp-json\/wp\/v2\/comments?post=7927"}],"version-history":[{"count":0,"href":"https:\/\/www.cordobatimes.com\/deportes\/wp-json\/wp\/v2\/posts\/7927\/revisions"}],"wp:featuredmedia":[{"embeddable":true,"href":"https:\/\/www.cordobatimes.com\/deportes\/wp-json\/wp\/v2\/media\/7928"}],"wp:attachment":[{"href":"https:\/\/www.cordobatimes.com\/deportes\/wp-json\/wp\/v2\/media?parent=7927"}],"wp:term":[{"taxonomy":"category","embeddable":true,"href":"https:\/\/www.cordobatimes.com\/deportes\/wp-json\/wp\/v2\/categories?post=7927"},{"taxonomy":"post_tag","embeddable":true,"href":"https:\/\/www.cordobatimes.com\/deportes\/wp-json\/wp\/v2\/tags?post=7927"}],"curies":[{"name":"wp","href":"https:\/\/api.w.org\/{rel}","templated":true}]}}