{"id":7823,"date":"2014-02-08T18:37:44","date_gmt":"2014-02-08T21:37:44","guid":{"rendered":"http:\/\/www.cordobatimes.com\/deportes\/?p=7823"},"modified":"2014-02-08T18:37:44","modified_gmt":"2014-02-08T21:37:44","slug":"maradona-cerca-de-agarrarse-a-golpes-en-dubai","status":"publish","type":"post","link":"https:\/\/www.cordobatimes.com\/deportes\/futbol\/2014\/02\/08\/maradona-cerca-de-agarrarse-a-golpes-en-dubai\/","title":{"rendered":"Maradona, cerca de agarrarse a golpes en Dubai"},"content":{"rendered":"<h3 style=\"text-align: justify;\"><strong><a href=\"http:\/\/www.cordobatimes.com\/deportes\/wp-content\/uploads\/2014\/02\/Maradona.jpg\"><img loading=\"lazy\" decoding=\"async\" class=\"alignnone  wp-image-7824\" alt=\"Maradona\" src=\"http:\/\/www.cordobatimes.com\/deportes\/wp-content\/uploads\/2014\/02\/Maradona.jpg\" width=\"650\" height=\"370\" data-id=\"7824\" \/><\/a><\/strong><\/h3>\n<h3 style=\"text-align: justify;\"><strong>Mientras disfrutaba de un evento de ciclismo, el Diez tuvo un encontronazo con una persona que le record\u00f3 la deuda que tiene con el fisco de Italia. Su\u00a0car\u00e1cter\u00a0lo llev\u00f3 a reaccionar y, de no ser por gente que\u00a0los separ\u00f3, el episodio hubiese terminado en esc\u00e1ndalo.<\/strong><\/h3>\n<p style=\"text-align: justify;\">\n<p style=\"text-align: justify;\">Maradona, qui\u00e9n se desempe\u00f1a como embajador deportivo en Dubai, estaba acompa\u00f1ado por su actual pareja, Roc\u00edo Oliva. Para sorpresa de todos, apareci\u00f3 un &#8220;tifosi&#8221;, que le grit\u00f3 a Diego para que abone los 40 millones de euros que \u00e9ste tiene como deuda ante el ente recaudador italiano.<\/p>\n<p style=\"text-align: justify;\">&#8220;En la facci tua (en tu cara) te los pago&#8221;, fue la respuesta del ex entrenador de la selecci\u00f3n argentina, que adem\u00e1s lanz\u00f3 algunos insultos contra el otro involucrado. Finalmente, por la intervenci\u00f3n de otra gente, el hecho no pas\u00f3 a mayores.<\/p>\n<p>\u00a0<iframe loading=\"lazy\" src=\"\/\/www.youtube.com\/embed\/GaBh76X75Ks\" height=\"315\" width=\"560\" allowfullscreen=\"\" frameborder=\"0\"><\/iframe><\/p>\n","protected":false},"excerpt":{"rendered":"<p>Mientras disfrutaba de un evento de ciclismo, el Diez tuvo un encontronazo con una persona que le record\u00f3 la deuda que tiene con el fisco de Italia. Su\u00a0car\u00e1cter\u00a0lo llev\u00f3 a reaccionar y, de no ser por gente que\u00a0los separ\u00f3, el episodio hubiese terminado en esc\u00e1ndalo. Maradona, qui\u00e9n se desempe\u00f1a como embajador deportivo en Dubai, estaba [&hellip;]<\/p>\n","protected":false},"author":2,"featured_media":7824,"comment_status":"open","ping_status":"open","sticky":false,"template":"","format":"standard","meta":{"_seopress_robots_primary_cat":"","_seopress_titles_title":"","_seopress_titles_desc":"","_seopress_robots_index":"","footnotes":""},"categories":[2],"tags":[856,1783,1719,372],"class_list":["post-7823","post","type-post","status-publish","format-standard","has-post-thumbnail","hentry","category-futbol","tag-dubai","tag-escandalo","tag-golpes","tag-maradona"],"_links":{"self":[{"href":"https:\/\/www.cordobatimes.com\/deportes\/wp-json\/wp\/v2\/posts\/7823","targetHints":{"allow":["GET"]}}],"collection":[{"href":"https:\/\/www.cordobatimes.com\/deportes\/wp-json\/wp\/v2\/posts"}],"about":[{"href":"https:\/\/www.cordobatimes.com\/deportes\/wp-json\/wp\/v2\/types\/post"}],"author":[{"embeddable":true,"href":"https:\/\/www.cordobatimes.com\/deportes\/wp-json\/wp\/v2\/users\/2"}],"replies":[{"embeddable":true,"href":"https:\/\/www.cordobatimes.com\/deportes\/wp-json\/wp\/v2\/comments?post=7823"}],"version-history":[{"count":0,"href":"https:\/\/www.cordobatimes.com\/deportes\/wp-json\/wp\/v2\/posts\/7823\/revisions"}],"wp:featuredmedia":[{"embeddable":true,"href":"https:\/\/www.cordobatimes.com\/deportes\/wp-json\/wp\/v2\/media\/7824"}],"wp:attachment":[{"href":"https:\/\/www.cordobatimes.com\/deportes\/wp-json\/wp\/v2\/media?parent=7823"}],"wp:term":[{"taxonomy":"category","embeddable":true,"href":"https:\/\/www.cordobatimes.com\/deportes\/wp-json\/wp\/v2\/categories?post=7823"},{"taxonomy":"post_tag","embeddable":true,"href":"https:\/\/www.cordobatimes.com\/deportes\/wp-json\/wp\/v2\/tags?post=7823"}],"curies":[{"name":"wp","href":"https:\/\/api.w.org\/{rel}","templated":true}]}}