{"id":7794,"date":"2014-02-08T16:52:56","date_gmt":"2014-02-08T19:52:56","guid":{"rendered":"http:\/\/www.cordobatimes.com\/deportes\/?p=7794"},"modified":"2014-02-08T16:52:56","modified_gmt":"2014-02-08T19:52:56","slug":"otamendi-paso-al-futbol-brasileno","status":"publish","type":"post","link":"https:\/\/www.cordobatimes.com\/deportes\/futbol\/2014\/02\/08\/otamendi-paso-al-futbol-brasileno\/","title":{"rendered":"Otamendi pas\u00f3 al f\u00fatbol brasile\u00f1o"},"content":{"rendered":"<h3 style=\"text-align: justify;\"><strong><a href=\"http:\/\/www.cordobatimes.com\/deportes\/wp-content\/uploads\/2014\/02\/Otamendi.jpg\"><img loading=\"lazy\" decoding=\"async\" class=\"alignnone size-full wp-image-7795\" alt=\"Otamendi\" src=\"http:\/\/www.cordobatimes.com\/deportes\/wp-content\/uploads\/2014\/02\/Otamendi.jpg\" width=\"748\" height=\"420\" data-id=\"7795\" srcset=\"https:\/\/www.cordobatimes.com\/deportes\/wp-content\/uploads\/2014\/02\/Otamendi.jpg 748w, https:\/\/www.cordobatimes.com\/deportes\/wp-content\/uploads\/2014\/02\/Otamendi-300x168.jpg 300w\" sizes=\"auto, (max-width: 748px) 100vw, 748px\" \/><\/a><\/strong><\/h3>\n<h3 style=\"text-align: justify;\"><strong>El marcador central, que busca tener continuidad para ganarse un lugar en el mundial, dej\u00f3 el Valencia y vestir\u00e1 la camiseta del Atl\u00e9tico Mineiro, \u00faltimo campe\u00f3n de la Copa Libertadores. Ser\u00e1 compa\u00f1ero de Ronaldinho.<\/strong><\/h3>\n<p style=\"text-align: justify;\">\n<p style=\"text-align: justify;\">Nicol\u00e1s Otamendi tiene intenciones de pelear un puesto en la lista final de 23 que confeccionar\u00e1 Alejandro Sabella para Brasil 2014. Con ese objetivo, y luego de ser adquirido por Valencia en 16 millones de d\u00f3lares, el club Che decidi\u00f3 cederlo por seis meses. As\u00ed, el ex V\u00e9lez formar\u00e1 parte del equipo dirigido por Paulo Autuori hasta julio.<\/p>\n<p style=\"text-align: justify;\">La informaci\u00f3n fue confirmada en el bolet\u00edn oficial publicado por la Confederaci\u00f3n Brasile\u00f1a de F\u00fatbol (CBF).<\/p>\n","protected":false},"excerpt":{"rendered":"<p>El marcador central, que busca tener continuidad para ganarse un lugar en el mundial, dej\u00f3 el Valencia y vestir\u00e1 la camiseta del Atl\u00e9tico Mineiro, \u00faltimo campe\u00f3n de la Copa Libertadores. Ser\u00e1 compa\u00f1ero de Ronaldinho. Nicol\u00e1s Otamendi tiene intenciones de pelear un puesto en la lista final de 23 que confeccionar\u00e1 Alejandro Sabella para Brasil 2014. [&hellip;]<\/p>\n","protected":false},"author":2,"featured_media":7795,"comment_status":"open","ping_status":"open","sticky":false,"template":"","format":"standard","meta":{"_seopress_robots_primary_cat":"","_seopress_titles_title":"","_seopress_titles_desc":"","_seopress_robots_index":"","footnotes":""},"categories":[2,18],"tags":[26,1169,1838,1708,1215,214],"class_list":["post-7794","post","type-post","status-publish","format-standard","has-post-thumbnail","hentry","category-futbol","category-futbol-internacional","tag-argentina","tag-atletico-mineiro","tag-otamendi","tag-porto","tag-valencia","tag-velez"],"_links":{"self":[{"href":"https:\/\/www.cordobatimes.com\/deportes\/wp-json\/wp\/v2\/posts\/7794","targetHints":{"allow":["GET"]}}],"collection":[{"href":"https:\/\/www.cordobatimes.com\/deportes\/wp-json\/wp\/v2\/posts"}],"about":[{"href":"https:\/\/www.cordobatimes.com\/deportes\/wp-json\/wp\/v2\/types\/post"}],"author":[{"embeddable":true,"href":"https:\/\/www.cordobatimes.com\/deportes\/wp-json\/wp\/v2\/users\/2"}],"replies":[{"embeddable":true,"href":"https:\/\/www.cordobatimes.com\/deportes\/wp-json\/wp\/v2\/comments?post=7794"}],"version-history":[{"count":0,"href":"https:\/\/www.cordobatimes.com\/deportes\/wp-json\/wp\/v2\/posts\/7794\/revisions"}],"wp:featuredmedia":[{"embeddable":true,"href":"https:\/\/www.cordobatimes.com\/deportes\/wp-json\/wp\/v2\/media\/7795"}],"wp:attachment":[{"href":"https:\/\/www.cordobatimes.com\/deportes\/wp-json\/wp\/v2\/media?parent=7794"}],"wp:term":[{"taxonomy":"category","embeddable":true,"href":"https:\/\/www.cordobatimes.com\/deportes\/wp-json\/wp\/v2\/categories?post=7794"},{"taxonomy":"post_tag","embeddable":true,"href":"https:\/\/www.cordobatimes.com\/deportes\/wp-json\/wp\/v2\/tags?post=7794"}],"curies":[{"name":"wp","href":"https:\/\/api.w.org\/{rel}","templated":true}]}}