{"id":7741,"date":"2014-02-08T11:21:11","date_gmt":"2014-02-08T14:21:11","guid":{"rendered":"http:\/\/www.cordobatimes.com\/deportes\/?p=7741"},"modified":"2014-02-08T17:46:17","modified_gmt":"2014-02-08T20:46:17","slug":"sochi-2014-se-encendio-la-llama-de-juegos-olimpicos-de-invierno-fotos","status":"publish","type":"post","link":"https:\/\/www.cordobatimes.com\/deportes\/polideportivo\/2014\/02\/08\/sochi-2014-se-encendio-la-llama-de-juegos-olimpicos-de-invierno-fotos\/","title":{"rendered":"Sochi 2014: Se encendi\u00f3 la llama de Juegos Ol\u00edmpicos de Invierno (Fotos)"},"content":{"rendered":"<h3 style=\"text-align: justify;\"><\/h3>\n<h3><a href=\"http:\/\/www.cordobatimes.com\/deportes\/wp-content\/uploads\/2014\/02\/140207191216_olympic_flame_512x288_getty.jpg\"><img loading=\"lazy\" decoding=\"async\" class=\"size-full wp-image-7772 aligncenter\" alt=\"140207191216_olympic_flame_512x288_getty\" src=\"http:\/\/www.cordobatimes.com\/deportes\/wp-content\/uploads\/2014\/02\/140207191216_olympic_flame_512x288_getty.jpg\" width=\"512\" height=\"288\" data-id=\"7772\" srcset=\"https:\/\/www.cordobatimes.com\/deportes\/wp-content\/uploads\/2014\/02\/140207191216_olympic_flame_512x288_getty.jpg 512w, https:\/\/www.cordobatimes.com\/deportes\/wp-content\/uploads\/2014\/02\/140207191216_olympic_flame_512x288_getty-300x168.jpg 300w\" sizes=\"auto, (max-width: 512px) 100vw, 512px\" \/><\/a><\/h3>\n<h3 style=\"text-align: justify;\">La 22\u00b0 edici\u00f3n de los Juegos Ol\u00edmpicos de Invierno ya est\u00e1 en marcha en la ciudad rusa de Sochi, donde sorprendieron con una imponente presentaci\u00f3n.<\/h3>\n<p style=\"text-align: justify;\">\n<p style=\"text-align: justify;\">Ante un gran operativo de seguridad, comenzaron los JJOO de invierno 2014 en Sochi. 75.000 efectivos de las fuerzas rusas se vieron afectadas para llevar a cabo estos pol\u00e9micos juegos por amenazas terroristas de grupos isl\u00e1micos.<\/p>\n<p style=\"text-align: justify;\">Siete son los argentinos que no representar\u00e1n en las distintas disciplinas, completando un total de\u00a0\u00a0m\u00e1s de 2.500 atletas de 88 pa\u00edses en 15 actividades sobre nieve y hielo, que se desarrollar\u00e1n hasta el 23 de febrero.<\/p>\n<p style=\"text-align: justify;\">[cycloneslider id=&#8221;7742&#8243;]<\/p>\n<p style=\"text-align: justify;\"><strong>Por Laura Rodriguez | Tw : @laurodriguez6<\/strong><\/p>\n","protected":false},"excerpt":{"rendered":"<p>La 22\u00b0 edici\u00f3n de los Juegos Ol\u00edmpicos de Invierno ya est\u00e1 en marcha en la ciudad rusa de Sochi, donde sorprendieron con una imponente presentaci\u00f3n. Ante un gran operativo de seguridad, comenzaron los JJOO de invierno 2014 en Sochi. 75.000 efectivos de las fuerzas rusas se vieron afectadas para llevar a cabo estos pol\u00e9micos juegos [&hellip;]<\/p>\n","protected":false},"author":6,"featured_media":7772,"comment_status":"open","ping_status":"open","sticky":false,"template":"","format":"standard","meta":{"_seopress_robots_primary_cat":"","_seopress_titles_title":"","_seopress_titles_desc":"","_seopress_robots_index":"","footnotes":""},"categories":[6],"tags":[954,1810],"class_list":["post-7741","post","type-post","status-publish","format-standard","has-post-thumbnail","hentry","category-polideportivo","tag-rusia","tag-sochi-2014"],"_links":{"self":[{"href":"https:\/\/www.cordobatimes.com\/deportes\/wp-json\/wp\/v2\/posts\/7741","targetHints":{"allow":["GET"]}}],"collection":[{"href":"https:\/\/www.cordobatimes.com\/deportes\/wp-json\/wp\/v2\/posts"}],"about":[{"href":"https:\/\/www.cordobatimes.com\/deportes\/wp-json\/wp\/v2\/types\/post"}],"author":[{"embeddable":true,"href":"https:\/\/www.cordobatimes.com\/deportes\/wp-json\/wp\/v2\/users\/6"}],"replies":[{"embeddable":true,"href":"https:\/\/www.cordobatimes.com\/deportes\/wp-json\/wp\/v2\/comments?post=7741"}],"version-history":[{"count":0,"href":"https:\/\/www.cordobatimes.com\/deportes\/wp-json\/wp\/v2\/posts\/7741\/revisions"}],"wp:featuredmedia":[{"embeddable":true,"href":"https:\/\/www.cordobatimes.com\/deportes\/wp-json\/wp\/v2\/media\/7772"}],"wp:attachment":[{"href":"https:\/\/www.cordobatimes.com\/deportes\/wp-json\/wp\/v2\/media?parent=7741"}],"wp:term":[{"taxonomy":"category","embeddable":true,"href":"https:\/\/www.cordobatimes.com\/deportes\/wp-json\/wp\/v2\/categories?post=7741"},{"taxonomy":"post_tag","embeddable":true,"href":"https:\/\/www.cordobatimes.com\/deportes\/wp-json\/wp\/v2\/tags?post=7741"}],"curies":[{"name":"wp","href":"https:\/\/api.w.org\/{rel}","templated":true}]}}