{"id":7709,"date":"2014-02-07T15:21:21","date_gmt":"2014-02-07T18:21:21","guid":{"rendered":"http:\/\/www.cordobatimes.com\/deportes\/?p=7709"},"modified":"2014-02-07T15:30:20","modified_gmt":"2014-02-07T18:30:20","slug":"juan-pablo-varsky-conto-detalles-del-futbol-para-todos","status":"publish","type":"post","link":"https:\/\/www.cordobatimes.com\/deportes\/futbol\/primera-division\/2014\/02\/07\/juan-pablo-varsky-conto-detalles-del-futbol-para-todos\/","title":{"rendered":"Juan Pablo Varsky cont\u00f3 detalles del Futbol para Todos"},"content":{"rendered":"<h3 style=\"text-align: justify;\"><a href=\"http:\/\/www.cordobatimes.com\/deportes\/wp-content\/uploads\/2014\/02\/juan-pablo-varsky.jpg\"><img loading=\"lazy\" decoding=\"async\" class=\"size-full wp-image-7710 aligncenter\" alt=\"juan pablo varsky\" src=\"http:\/\/www.cordobatimes.com\/deportes\/wp-content\/uploads\/2014\/02\/juan-pablo-varsky.jpg\" width=\"600\" height=\"400\" data-id=\"7710\" srcset=\"https:\/\/www.cordobatimes.com\/deportes\/wp-content\/uploads\/2014\/02\/juan-pablo-varsky.jpg 600w, https:\/\/www.cordobatimes.com\/deportes\/wp-content\/uploads\/2014\/02\/juan-pablo-varsky-300x200.jpg 300w\" sizes=\"auto, (max-width: 600px) 100vw, 600px\" \/><\/a><\/h3>\n<h3 style=\"text-align: justify;\"><b>El periodista iba a formar parte del nuevo proyecto del FPT que se cay\u00f3 a \u00faltimo momento. En su programa radial detall\u00f3 c\u00f3mo fueron las negociaciones y los entretelones para la llegada frustrada de Tinelli. Escuch\u00e1 el audio.<\/b><\/h3>\n<p style=\"text-align: justify;\">\n<p style=\"text-align: justify;\">\n<p style=\"text-align: justify;\">Juan Pablo Varsky expres\u00f3 que se enter\u00f3 por los medios que al final no iba a comentar junto a Mariano Closs el partido entre Newell&#8217;s y Boca en la primera fecha del Torneo Final En su programa matutino de radio Metro, el periodista cont\u00f3 c\u00f3mo fueron las negociaciones para su desembarco en el nuevo F\u00fatbol para Todos de la mano de Marcelo Tinelli.<\/p>\n<p style=\"text-align: justify;\">&#8220;Una cosa es decir &#8216;a continuaci\u00f3n 678&#8217; y otra &#8216;a continuaci\u00f3n 678 con el mejor ministro de Econom\u00eda de la Humanidad'&#8221;, marc\u00f3 Varsky.<\/p>\n<p style=\"text-align: justify;\">&#8220;No veo que Capitanich que haya dicho algo. El fue uno de los responsables para que la empresa de Tinelli reemplace a El Farolito. Es una conscuencia directa para Capitanich. El fue el que le dio forma a este proyecto&#8221;, se\u00f1al\u00f3.<\/p>\n<p style=\"text-align: justify;\">&#8220;A trav\u00e9s de las reuniones nos fuimos enterando. Esto iba para delante y vimos los logos. Se baj\u00f3 el que era parecido al de Lan. Hablamos de las transmisiones. Est\u00e1bamos todos menos Marcelo Tinelli. La idea siempre fue que la empresa funcionara como un todo. Nosotros y los periodistas del FPT anterior, porque no queriamos hacer diferencia&#8221;, agreg\u00f3.<\/p>\n<p style=\"text-align: justify;\">https:\/\/soundcloud.com\/jenetecomprendpas\/varsky-explica-lo-de-f-tbol<\/p>\n","protected":false},"excerpt":{"rendered":"<p>El periodista iba a formar parte del nuevo proyecto del FPT que se cay\u00f3 a \u00faltimo momento. En su programa radial detall\u00f3 c\u00f3mo fueron las negociaciones y los entretelones para la llegada frustrada de Tinelli. Escuch\u00e1 el audio. Juan Pablo Varsky expres\u00f3 que se enter\u00f3 por los medios que al final no iba a comentar [&hellip;]<\/p>\n","protected":false},"author":20,"featured_media":7710,"comment_status":"open","ping_status":"open","sticky":false,"template":"","format":"standard","meta":{"_seopress_robots_primary_cat":"","_seopress_titles_title":"","_seopress_titles_desc":"","_seopress_robots_index":"","footnotes":""},"categories":[16],"tags":[1834,1468,1833,911],"class_list":["post-7709","post","type-post","status-publish","format-standard","has-post-thumbnail","hentry","category-primera-division","tag-cfk","tag-futbol-para-todos","tag-juan-pablo-varsky","tag-tinelli"],"_links":{"self":[{"href":"https:\/\/www.cordobatimes.com\/deportes\/wp-json\/wp\/v2\/posts\/7709","targetHints":{"allow":["GET"]}}],"collection":[{"href":"https:\/\/www.cordobatimes.com\/deportes\/wp-json\/wp\/v2\/posts"}],"about":[{"href":"https:\/\/www.cordobatimes.com\/deportes\/wp-json\/wp\/v2\/types\/post"}],"author":[{"embeddable":true,"href":"https:\/\/www.cordobatimes.com\/deportes\/wp-json\/wp\/v2\/users\/20"}],"replies":[{"embeddable":true,"href":"https:\/\/www.cordobatimes.com\/deportes\/wp-json\/wp\/v2\/comments?post=7709"}],"version-history":[{"count":0,"href":"https:\/\/www.cordobatimes.com\/deportes\/wp-json\/wp\/v2\/posts\/7709\/revisions"}],"wp:featuredmedia":[{"embeddable":true,"href":"https:\/\/www.cordobatimes.com\/deportes\/wp-json\/wp\/v2\/media\/7710"}],"wp:attachment":[{"href":"https:\/\/www.cordobatimes.com\/deportes\/wp-json\/wp\/v2\/media?parent=7709"}],"wp:term":[{"taxonomy":"category","embeddable":true,"href":"https:\/\/www.cordobatimes.com\/deportes\/wp-json\/wp\/v2\/categories?post=7709"},{"taxonomy":"post_tag","embeddable":true,"href":"https:\/\/www.cordobatimes.com\/deportes\/wp-json\/wp\/v2\/tags?post=7709"}],"curies":[{"name":"wp","href":"https:\/\/api.w.org\/{rel}","templated":true}]}}