{"id":7699,"date":"2014-02-07T14:52:22","date_gmt":"2014-02-07T17:52:22","guid":{"rendered":"http:\/\/www.cordobatimes.com\/deportes\/?p=7699"},"modified":"2014-02-07T14:52:22","modified_gmt":"2014-02-07T17:52:22","slug":"boca-presenta-su-nueva-camiseta","status":"publish","type":"post","link":"https:\/\/www.cordobatimes.com\/deportes\/futbol\/primera-division\/2014\/02\/07\/boca-presenta-su-nueva-camiseta\/","title":{"rendered":"Boca presenta su nueva camiseta"},"content":{"rendered":"<h3 style=\"text-align: justify;\"><a href=\"http:\/\/www.cordobatimes.com\/deportes\/wp-content\/uploads\/2014\/02\/nueva-camiseta-de-boca-3.png\"><img loading=\"lazy\" decoding=\"async\" class=\"size-full wp-image-7701 aligncenter\" alt=\"nueva camiseta de boca 3\" src=\"http:\/\/www.cordobatimes.com\/deportes\/wp-content\/uploads\/2014\/02\/nueva-camiseta-de-boca-3.png\" width=\"477\" height=\"426\" data-id=\"7701\" srcset=\"https:\/\/www.cordobatimes.com\/deportes\/wp-content\/uploads\/2014\/02\/nueva-camiseta-de-boca-3.png 477w, https:\/\/www.cordobatimes.com\/deportes\/wp-content\/uploads\/2014\/02\/nueva-camiseta-de-boca-3-300x267.png 300w\" sizes=\"auto, (max-width: 477px) 100vw, 477px\" \/><\/a><\/h3>\n<h3 style=\"text-align: justify;\"><b>Los \u201cxeneizes\u201d presentaron su casaca alternativa. La marca Nike present\u00f3 la tercera camiseta del equipo boquense, que se suma a la indumentaria rosa como posible alternativa a la oficial. La idea de esta marca, adem\u00e1s de tener otra posibilidad de vender m\u00e1s, es sumarse a esta particularidad del f\u00fatbol internacional.<\/b><\/h3>\n<p style=\"text-align: center;\"><a href=\"http:\/\/www.cordobatimes.com\/deportes\/wp-content\/uploads\/2014\/02\/nueva-camiseta-de-boca-2.png\"><img loading=\"lazy\" decoding=\"async\" class=\"size-full wp-image-7702 aligncenter\" alt=\"nueva camiseta de boca 2\" src=\"http:\/\/www.cordobatimes.com\/deportes\/wp-content\/uploads\/2014\/02\/nueva-camiseta-de-boca-2.png\" width=\"490\" height=\"418\" data-id=\"7702\" srcset=\"https:\/\/www.cordobatimes.com\/deportes\/wp-content\/uploads\/2014\/02\/nueva-camiseta-de-boca-2.png 490w, https:\/\/www.cordobatimes.com\/deportes\/wp-content\/uploads\/2014\/02\/nueva-camiseta-de-boca-2-300x255.png 300w\" sizes=\"auto, (max-width: 490px) 100vw, 490px\" \/><\/a><\/p>\n<p style=\"text-align: center;\">\n<p style=\"text-align: center;\"><a href=\"http:\/\/www.cordobatimes.com\/deportes\/wp-content\/uploads\/2014\/02\/nueva-camiseta-de-boca.png\"><img loading=\"lazy\" decoding=\"async\" class=\"size-full wp-image-7704 aligncenter\" alt=\"nueva camiseta de boca\" src=\"http:\/\/www.cordobatimes.com\/deportes\/wp-content\/uploads\/2014\/02\/nueva-camiseta-de-boca.png\" width=\"554\" height=\"413\" data-id=\"7704\" srcset=\"https:\/\/www.cordobatimes.com\/deportes\/wp-content\/uploads\/2014\/02\/nueva-camiseta-de-boca.png 554w, https:\/\/www.cordobatimes.com\/deportes\/wp-content\/uploads\/2014\/02\/nueva-camiseta-de-boca-300x223.png 300w\" sizes=\"auto, (max-width: 554px) 100vw, 554px\" \/><\/a><\/p>\n","protected":false},"excerpt":{"rendered":"<p>Los \u201cxeneizes\u201d presentaron su casaca alternativa. La marca Nike present\u00f3 la tercera camiseta del equipo boquense, que se suma a la indumentaria rosa como posible alternativa a la oficial. La idea de esta marca, adem\u00e1s de tener otra posibilidad de vender m\u00e1s, es sumarse a esta particularidad del f\u00fatbol internacional.<\/p>\n","protected":false},"author":20,"featured_media":7701,"comment_status":"open","ping_status":"open","sticky":false,"template":"","format":"standard","meta":{"_seopress_robots_primary_cat":"","_seopress_titles_title":"","_seopress_titles_desc":"","_seopress_robots_index":"","footnotes":""},"categories":[16],"tags":[33,52,1830,1829],"class_list":["post-7699","post","type-post","status-publish","format-standard","has-post-thumbnail","hentry","category-primera-division","tag-afa","tag-boca","tag-nueva-camiseta","tag-vestimenta"],"_links":{"self":[{"href":"https:\/\/www.cordobatimes.com\/deportes\/wp-json\/wp\/v2\/posts\/7699","targetHints":{"allow":["GET"]}}],"collection":[{"href":"https:\/\/www.cordobatimes.com\/deportes\/wp-json\/wp\/v2\/posts"}],"about":[{"href":"https:\/\/www.cordobatimes.com\/deportes\/wp-json\/wp\/v2\/types\/post"}],"author":[{"embeddable":true,"href":"https:\/\/www.cordobatimes.com\/deportes\/wp-json\/wp\/v2\/users\/20"}],"replies":[{"embeddable":true,"href":"https:\/\/www.cordobatimes.com\/deportes\/wp-json\/wp\/v2\/comments?post=7699"}],"version-history":[{"count":0,"href":"https:\/\/www.cordobatimes.com\/deportes\/wp-json\/wp\/v2\/posts\/7699\/revisions"}],"wp:featuredmedia":[{"embeddable":true,"href":"https:\/\/www.cordobatimes.com\/deportes\/wp-json\/wp\/v2\/media\/7701"}],"wp:attachment":[{"href":"https:\/\/www.cordobatimes.com\/deportes\/wp-json\/wp\/v2\/media?parent=7699"}],"wp:term":[{"taxonomy":"category","embeddable":true,"href":"https:\/\/www.cordobatimes.com\/deportes\/wp-json\/wp\/v2\/categories?post=7699"},{"taxonomy":"post_tag","embeddable":true,"href":"https:\/\/www.cordobatimes.com\/deportes\/wp-json\/wp\/v2\/tags?post=7699"}],"curies":[{"name":"wp","href":"https:\/\/api.w.org\/{rel}","templated":true}]}}