{"id":7697,"date":"2014-02-07T14:43:26","date_gmt":"2014-02-07T17:43:26","guid":{"rendered":"http:\/\/www.cordobatimes.com\/deportes\/?p=7697"},"modified":"2014-02-07T14:43:26","modified_gmt":"2014-02-07T17:43:26","slug":"en-venezuela-un-arquero-le-hizo-tremendo-cano-a-un-rival-video","status":"publish","type":"post","link":"https:\/\/www.cordobatimes.com\/deportes\/futbol\/2014\/02\/07\/en-venezuela-un-arquero-le-hizo-tremendo-cano-a-un-rival-video\/","title":{"rendered":"En Venezuela, un arquero le hizo tremendo ca\u00f1o a un rival (Video)"},"content":{"rendered":"<h3><strong><a href=\"http:\/\/www.cordobatimes.com\/deportes\/wp-content\/uploads\/2014\/02\/Ca\u00f1o.jpg\"><img loading=\"lazy\" decoding=\"async\" class=\"alignnone size-full wp-image-7698\" alt=\"Ca\u00f1o\" src=\"http:\/\/www.cordobatimes.com\/deportes\/wp-content\/uploads\/2014\/02\/Ca\u00f1o.jpg\" width=\"770\" height=\"433\" data-id=\"7698\" srcset=\"https:\/\/www.cordobatimes.com\/deportes\/wp-content\/uploads\/2014\/02\/Ca\u00f1o.jpg 770w, https:\/\/www.cordobatimes.com\/deportes\/wp-content\/uploads\/2014\/02\/Ca\u00f1o-300x168.jpg 300w\" sizes=\"auto, (max-width: 770px) 100vw, 770px\" \/><\/a><\/strong><\/h3>\n<h3 style=\"text-align: justify;\"><strong>En el duelo entre Deportivo T\u00e1chira y Deportivo Lara, Jos\u00e9 Contreras, guardameta del conjunto local, tir\u00f3 un lujo que generalmente se le ven a los jugadores m\u00e1s habilidosos. Mir\u00e1 las im\u00e1genes.<\/strong><\/h3>\n<p style=\"text-align: justify;\">\n<p style=\"text-align: justify;\">La jugada de ataque era del Lara, que lleg\u00f3 mano a mano con uno de sus delanteros cuando apareci\u00f3 en escena el 1, que fue al piso y cuando el atacante se acercaba, lo hizo pasar de largo y le meti\u00f3 un &#8220;tubo&#8221; al estilo Riquelme, Aimar, Messi o cualquiera de esos talentosos futbolistas.<\/p>\n<p>\u00a0<iframe loading=\"lazy\" src=\"\/\/www.youtube.com\/embed\/AUrTW5jUY5g\" height=\"315\" width=\"560\" allowfullscreen=\"\" frameborder=\"0\"><\/iframe><\/p>\n","protected":false},"excerpt":{"rendered":"<p>En el duelo entre Deportivo T\u00e1chira y Deportivo Lara, Jos\u00e9 Contreras, guardameta del conjunto local, tir\u00f3 un lujo que generalmente se le ven a los jugadores m\u00e1s habilidosos. Mir\u00e1 las im\u00e1genes. La jugada de ataque era del Lara, que lleg\u00f3 mano a mano con uno de sus delanteros cuando apareci\u00f3 en escena el 1, que [&hellip;]<\/p>\n","protected":false},"author":2,"featured_media":7698,"comment_status":"open","ping_status":"open","sticky":false,"template":"","format":"standard","meta":{"_seopress_robots_primary_cat":"","_seopress_titles_title":"","_seopress_titles_desc":"","_seopress_robots_index":"","footnotes":""},"categories":[2,18],"tags":[1828,1827,80],"class_list":["post-7697","post","type-post","status-publish","format-standard","has-post-thumbnail","hentry","category-futbol","category-futbol-internacional","tag-cano-de-arquero","tag-deportivo-tachira","tag-video"],"_links":{"self":[{"href":"https:\/\/www.cordobatimes.com\/deportes\/wp-json\/wp\/v2\/posts\/7697","targetHints":{"allow":["GET"]}}],"collection":[{"href":"https:\/\/www.cordobatimes.com\/deportes\/wp-json\/wp\/v2\/posts"}],"about":[{"href":"https:\/\/www.cordobatimes.com\/deportes\/wp-json\/wp\/v2\/types\/post"}],"author":[{"embeddable":true,"href":"https:\/\/www.cordobatimes.com\/deportes\/wp-json\/wp\/v2\/users\/2"}],"replies":[{"embeddable":true,"href":"https:\/\/www.cordobatimes.com\/deportes\/wp-json\/wp\/v2\/comments?post=7697"}],"version-history":[{"count":0,"href":"https:\/\/www.cordobatimes.com\/deportes\/wp-json\/wp\/v2\/posts\/7697\/revisions"}],"wp:featuredmedia":[{"embeddable":true,"href":"https:\/\/www.cordobatimes.com\/deportes\/wp-json\/wp\/v2\/media\/7698"}],"wp:attachment":[{"href":"https:\/\/www.cordobatimes.com\/deportes\/wp-json\/wp\/v2\/media?parent=7697"}],"wp:term":[{"taxonomy":"category","embeddable":true,"href":"https:\/\/www.cordobatimes.com\/deportes\/wp-json\/wp\/v2\/categories?post=7697"},{"taxonomy":"post_tag","embeddable":true,"href":"https:\/\/www.cordobatimes.com\/deportes\/wp-json\/wp\/v2\/tags?post=7697"}],"curies":[{"name":"wp","href":"https:\/\/api.w.org\/{rel}","templated":true}]}}