{"id":7688,"date":"2014-02-07T13:14:03","date_gmt":"2014-02-07T16:14:03","guid":{"rendered":"http:\/\/www.cordobatimes.com\/deportes\/?p=7688"},"modified":"2014-02-07T13:14:03","modified_gmt":"2014-02-07T16:14:03","slug":"tranquilidad-para-zielinski-bueno-sera-de-la-partida","status":"publish","type":"post","link":"https:\/\/www.cordobatimes.com\/deportes\/futbol\/2014\/02\/07\/tranquilidad-para-zielinski-bueno-sera-de-la-partida\/","title":{"rendered":"Tranquilidad para Zielinski: Bueno ser\u00e1 de la partida"},"content":{"rendered":"<h3 style=\"text-align: justify;\"><b><a href=\"http:\/\/www.cordobatimes.com\/deportes\/wp-content\/uploads\/2014\/02\/Belgrano.jpg\"><img loading=\"lazy\" decoding=\"async\" class=\"alignnone  wp-image-7689\" alt=\"Belgrano\" src=\"http:\/\/www.cordobatimes.com\/deportes\/wp-content\/uploads\/2014\/02\/Belgrano.jpg\" width=\"650\" height=\"370\" data-id=\"7689\" \/><\/a><\/b><\/h3>\n<h3 style=\"text-align: justify;\"><b>El delantero se hab\u00eda visto obligado a abandonar el entrenamiento de ayer en el predio de Villa Esqui\u00fa por un dolor en el hipocondrio. Finalmente, \u00e9l mismo anunci\u00f3 que jugar\u00e1 el lunes.<\/b><\/h3>\n<p style=\"text-align: justify;\">\n<p style=\"text-align: justify;\">Solo fue un susto para el DT, quien no sab\u00eda si podr\u00eda contar con la presencia goleadora del uruguayo. Ayer, durante el entrenamiento matutino, el jugador debi\u00f3 desertar por un dolor en su hipocondrio (ubicado entre la ves\u00edcula y el h\u00edgado).<\/p>\n<p style=\"text-align: justify;\">Las dificultades que se le presentaron fueron \u00a0para respirar y moverse, por lo que el cuerpo m\u00e9dico decidi\u00f3 que no participe de la pr\u00e1ctica y tenerlo en observaci\u00f3n. Finalmente, el propio jugador tranquiliz\u00f3 al pueblo Celeste confirmando que ya se encuentra bien y disponible para jugar ante Lan\u00fas.<\/p>\n<p style=\"text-align: justify;\">Si bien el equipo reci\u00e9n se confirmar\u00e1 ma\u00f1ana, en los \u00faltimos entrenamientos se pudo ver el 11 que se perfila para salir a la cancha. Estos son: Olave; Barrios o Turus, Lollo, Avelda\u00f1o, Quiroga; Rigoni, Farr\u00e9, Gonz\u00e1lez y Vel\u00e1zquez; Pereyra y Bueno.<\/p>\n<p style=\"text-align: justify;\">Por el lado del Granate, hay que resaltar que corre peligro la participaci\u00f3n del ex Pirata Lucas Melano, quien por una lesi\u00f3n muscular no podr\u00eda estar en C\u00f3rdoba.<\/p>\n<p style=\"text-align: justify;\"><strong>Por Facundo Ojeda Izaguirre<\/strong><\/p>\n","protected":false},"excerpt":{"rendered":"<p>El delantero se hab\u00eda visto obligado a abandonar el entrenamiento de ayer en el predio de Villa Esqui\u00fa por un dolor en el hipocondrio. Finalmente, \u00e9l mismo anunci\u00f3 que jugar\u00e1 el lunes. Solo fue un susto para el DT, quien no sab\u00eda si podr\u00eda contar con la presencia goleadora del uruguayo. Ayer, durante el entrenamiento [&hellip;]<\/p>\n","protected":false},"author":2,"featured_media":7689,"comment_status":"open","ping_status":"open","sticky":false,"template":"","format":"standard","meta":{"_seopress_robots_primary_cat":"","_seopress_titles_title":"","_seopress_titles_desc":"","_seopress_robots_index":"","footnotes":""},"categories":[2,16],"tags":[1052,1053,1816],"class_list":["post-7688","post","type-post","status-publish","format-standard","has-post-thumbnail","hentry","category-futbol","category-primera-division","tag-belgrano-de-cordoba","tag-carlos-bueno","tag-torneo-final"],"_links":{"self":[{"href":"https:\/\/www.cordobatimes.com\/deportes\/wp-json\/wp\/v2\/posts\/7688","targetHints":{"allow":["GET"]}}],"collection":[{"href":"https:\/\/www.cordobatimes.com\/deportes\/wp-json\/wp\/v2\/posts"}],"about":[{"href":"https:\/\/www.cordobatimes.com\/deportes\/wp-json\/wp\/v2\/types\/post"}],"author":[{"embeddable":true,"href":"https:\/\/www.cordobatimes.com\/deportes\/wp-json\/wp\/v2\/users\/2"}],"replies":[{"embeddable":true,"href":"https:\/\/www.cordobatimes.com\/deportes\/wp-json\/wp\/v2\/comments?post=7688"}],"version-history":[{"count":0,"href":"https:\/\/www.cordobatimes.com\/deportes\/wp-json\/wp\/v2\/posts\/7688\/revisions"}],"wp:featuredmedia":[{"embeddable":true,"href":"https:\/\/www.cordobatimes.com\/deportes\/wp-json\/wp\/v2\/media\/7689"}],"wp:attachment":[{"href":"https:\/\/www.cordobatimes.com\/deportes\/wp-json\/wp\/v2\/media?parent=7688"}],"wp:term":[{"taxonomy":"category","embeddable":true,"href":"https:\/\/www.cordobatimes.com\/deportes\/wp-json\/wp\/v2\/categories?post=7688"},{"taxonomy":"post_tag","embeddable":true,"href":"https:\/\/www.cordobatimes.com\/deportes\/wp-json\/wp\/v2\/tags?post=7688"}],"curies":[{"name":"wp","href":"https:\/\/api.w.org\/{rel}","templated":true}]}}