{"id":7681,"date":"2014-02-07T22:40:02","date_gmt":"2014-02-08T01:40:02","guid":{"rendered":"http:\/\/www.cordobatimes.com\/deportes\/?p=7681"},"modified":"2014-02-08T01:30:56","modified_gmt":"2014-02-08T04:30:56","slug":"talleres-comienza-la-etapa-de-forestello","status":"publish","type":"post","link":"https:\/\/www.cordobatimes.com\/deportes\/futbol\/2014\/02\/07\/talleres-comienza-la-etapa-de-forestello\/","title":{"rendered":"Derrota de Talleres ante Sarmiento"},"content":{"rendered":"<h3 style=\"text-align: justify;\"><a href=\"http:\/\/www.cordobatimes.com\/deportes\/wp-content\/uploads\/2014\/02\/talleres-01_11.jpg\"><img loading=\"lazy\" decoding=\"async\" class=\"size-full wp-image-7773 aligncenter\" alt=\"talleres-01_11\" src=\"http:\/\/www.cordobatimes.com\/deportes\/wp-content\/uploads\/2014\/02\/talleres-01_11.jpg\" width=\"745\" height=\"408\" data-id=\"7773\" srcset=\"https:\/\/www.cordobatimes.com\/deportes\/wp-content\/uploads\/2014\/02\/talleres-01_11.jpg 745w, https:\/\/www.cordobatimes.com\/deportes\/wp-content\/uploads\/2014\/02\/talleres-01_11-300x164.jpg 300w\" sizes=\"auto, (max-width: 745px) 100vw, 745px\" \/><\/a><\/h3>\n<h3 style=\"text-align: justify;\"><b>&#8220;La T&#8221; arranc\u00f3 mal su a\u00f1o futbolistico y cay\u00f3, como visitante, por 3 a 0. Fue en Jun\u00edn, en la reanudaci\u00f3n de la Primera B Nacional. <\/b><\/h3>\n<p style=\"text-align: justify;\">\n<p style=\"text-align: justify;\">El conjunto albiazul sali\u00f3 a la cancha para reanudar su participaci\u00f3n en el torneo de la Primera B Nacional, con la disputa de la 22\u00aa fecha, pero el local peg\u00f3 de arranque.<\/p>\n<p style=\"text-align: justify;\">A los 7 minutos del inicio, Diego Diellos perdi\u00f3 aprovech\u00f3 un espacio en la defensa albiazul para colarse por el medio y vencer al arquero Diego Aguiar.<\/p>\n<p style=\"text-align: justify;\">No conforme con ello, el elenco Verde fue por m\u00e1s, y las deficiencias en el fondo del equipo Matador permitieron que Ramiro L\u00f3pez pueda ampliar, apenas a los 16 minutos.<\/p>\n<p style=\"text-align: justify;\">Al final del primer tiempo, otro gol, a los 46, un bombazo de Dami\u00e1n Canuto impact\u00f3 en el travesa\u00f1o, le dio una segunda chance y el delantero no fall\u00f3. 3-0.<\/p>\n<p style=\"text-align: justify;\">Formaciones:<\/p>\n<p style=\"text-align: justify;\">Sarmiento : Lucas Ischuk, Pablo Aguilar, Franco Coria, Daniel Delgado, Fernando Gonz\u00e1lez, Silvio Iuval\u00e9, Yamil Garnier, Ramiro L\u00f3pez,<\/p>\n<p style=\"text-align: justify;\">Nicol\u00e1s S\u00e1nchez, Dami\u00e1n Canuto, Diego Diellos. DT: Marcelo Fuentes.<\/p>\n<p style=\"text-align: justify;\">Talleres: Diego Aguiar, Esteban Burgos, Renzo Vera, Juan Avenda\u00f1o, Jos\u00e9 Shaffer, Marcelo Vega, Marcos Br\u00edtez Ojeda, Edison Torres, Barrionuevo, Juan S\u00e1nchez Sotelo, Gonzalo Klusener. DT: Rub\u00e9n Forestello.<\/p>\n","protected":false},"excerpt":{"rendered":"<p>&#8220;La T&#8221; arranc\u00f3 mal su a\u00f1o futbolistico y cay\u00f3, como visitante, por 3 a 0. Fue en Jun\u00edn, en la reanudaci\u00f3n de la Primera B Nacional. El conjunto albiazul sali\u00f3 a la cancha para reanudar su participaci\u00f3n en el torneo de la Primera B Nacional, con la disputa de la 22\u00aa fecha, pero el local [&hellip;]<\/p>\n","protected":false},"author":2,"featured_media":7773,"comment_status":"open","ping_status":"open","sticky":false,"template":"","format":"standard","meta":{"_seopress_robots_primary_cat":"","_seopress_titles_title":"","_seopress_titles_desc":"","_seopress_robots_index":"","footnotes":""},"categories":[2,17],"tags":[34,1009,789,40],"class_list":["post-7681","post","type-post","status-publish","format-standard","has-post-thumbnail","hentry","category-futbol","category-nacional-b","tag-b-nacional","tag-forestello","tag-sarmiento-de-junin","tag-talleres"],"_links":{"self":[{"href":"https:\/\/www.cordobatimes.com\/deportes\/wp-json\/wp\/v2\/posts\/7681","targetHints":{"allow":["GET"]}}],"collection":[{"href":"https:\/\/www.cordobatimes.com\/deportes\/wp-json\/wp\/v2\/posts"}],"about":[{"href":"https:\/\/www.cordobatimes.com\/deportes\/wp-json\/wp\/v2\/types\/post"}],"author":[{"embeddable":true,"href":"https:\/\/www.cordobatimes.com\/deportes\/wp-json\/wp\/v2\/users\/2"}],"replies":[{"embeddable":true,"href":"https:\/\/www.cordobatimes.com\/deportes\/wp-json\/wp\/v2\/comments?post=7681"}],"version-history":[{"count":0,"href":"https:\/\/www.cordobatimes.com\/deportes\/wp-json\/wp\/v2\/posts\/7681\/revisions"}],"wp:featuredmedia":[{"embeddable":true,"href":"https:\/\/www.cordobatimes.com\/deportes\/wp-json\/wp\/v2\/media\/7773"}],"wp:attachment":[{"href":"https:\/\/www.cordobatimes.com\/deportes\/wp-json\/wp\/v2\/media?parent=7681"}],"wp:term":[{"taxonomy":"category","embeddable":true,"href":"https:\/\/www.cordobatimes.com\/deportes\/wp-json\/wp\/v2\/categories?post=7681"},{"taxonomy":"post_tag","embeddable":true,"href":"https:\/\/www.cordobatimes.com\/deportes\/wp-json\/wp\/v2\/tags?post=7681"}],"curies":[{"name":"wp","href":"https:\/\/api.w.org\/{rel}","templated":true}]}}