{"id":7674,"date":"2014-02-07T12:52:15","date_gmt":"2014-02-07T15:52:15","guid":{"rendered":"http:\/\/www.cordobatimes.com\/deportes\/?p=7674"},"modified":"2014-02-07T12:54:54","modified_gmt":"2014-02-07T15:54:54","slug":"tinelli-quedo-afuera-del-futbol-para-todos","status":"publish","type":"post","link":"https:\/\/www.cordobatimes.com\/deportes\/futbol\/2014\/02\/07\/tinelli-quedo-afuera-del-futbol-para-todos\/","title":{"rendered":"Tinelli qued\u00f3 afuera del F\u00fatbol para Todos"},"content":{"rendered":"<h3 style=\"text-align: justify;\"><strong><a href=\"http:\/\/www.cordobatimes.com\/deportes\/wp-content\/uploads\/2014\/02\/Tinelli.jpg\"><img loading=\"lazy\" decoding=\"async\" class=\"alignnone size-full wp-image-7675\" alt=\"Tinelli\" src=\"http:\/\/www.cordobatimes.com\/deportes\/wp-content\/uploads\/2014\/02\/Tinelli.jpg\" width=\"970\" height=\"547\" data-id=\"7675\" srcset=\"https:\/\/www.cordobatimes.com\/deportes\/wp-content\/uploads\/2014\/02\/Tinelli.jpg 970w, https:\/\/www.cordobatimes.com\/deportes\/wp-content\/uploads\/2014\/02\/Tinelli-300x169.jpg 300w\" sizes=\"auto, (max-width: 970px) 100vw, 970px\" \/><\/a><\/strong><\/h3>\n<h3 style=\"text-align: justify;\"><strong>Por decisi\u00f3n de la Presidente, Cristina Fern\u00e1ndez, el empresario televisivo no formar\u00e1 parte del nuevo emprendimiento para renovar las transmisiones del f\u00fatbol argentino. Los problemas se originaron por cortocircuitos con La Campora y algunos referentes del kirchnerismo.<\/strong><\/h3>\n<p>&nbsp;<\/p>\n<p style=\"text-align: justify;\">Seg\u00fan lo publicado por el diario La Naci\u00f3n, la mandataria\u00a0llam\u00f3 a Julio Grondona y le pidi\u00f3 que saquen a Tinelli. &#8220;Se crey\u00f3 que tiene m\u00e1s poder que yo&#8221;, le habr\u00eda dicho. Con ese panorama, y el enfrentamiento que el vicepresidente de San Lorenzo tuvo p\u00fablicamente por la &#8220;formaci\u00f3n&#8221; que quer\u00eda para el nuevo staff, sus acciones bajaron y finalmente, pese a estar &#8220;motivado&#8221;, tal como lo expres\u00f3 en varias oportunidades, qued\u00f3 al margen del FPT.<\/p>\n<p style=\"text-align: justify;\">El mismo Marcelo Hugo fue qui\u00e9n lanz\u00f3 dos tuits \u00a0en su cuenta @cuervotinelli. Uno de ellos, mezclando humor y realidad, &#8220;Siamo Fuori de la Copa jajaja&#8221;, y el restante, publicado esta ma\u00f1ana, fue m\u00e1s all\u00e1 y esgrimi\u00f3 un &#8220;A qui\u00e9n le mand\u00f3 la carta documento por despido?&#8221;, confirmando que no se alej\u00f3 del proyecto por su propia voluntad sino por una orden enviada desde la m\u00e1xima autoridad del pa\u00eds.<\/p>\n<p style=\"text-align: justify;\">Ahora tambi\u00e9n resta definir que pasar\u00e1 con los relatores y comentaristas. Lo que est\u00e1 confirmado es que este fin de semana no estar\u00e1n Mariano Closs ni Sebasti\u00e1n Vignolo, como as\u00ed tampoco sus respectivos acompa\u00f1antes Juan Pablo Varsky y Diego Latorre. Esas duplas iban a quedar a cargo de los partidos de Boca y River. Desde el Gobierno nacional no se explayaron al respecto y habr\u00e1 que ver lo que sucede en las pr\u00f3ximas jornadas.<\/p>\n","protected":false},"excerpt":{"rendered":"<p>Por decisi\u00f3n de la Presidente, Cristina Fern\u00e1ndez, el empresario televisivo no formar\u00e1 parte del nuevo emprendimiento para renovar las transmisiones del f\u00fatbol argentino. Los problemas se originaron por cortocircuitos con La Campora y algunos referentes del kirchnerismo. &nbsp; Seg\u00fan lo publicado por el diario La Naci\u00f3n, la mandataria\u00a0llam\u00f3 a Julio Grondona y le pidi\u00f3 que [&hellip;]<\/p>\n","protected":false},"author":2,"featured_media":7675,"comment_status":"open","ping_status":"open","sticky":false,"template":"","format":"standard","meta":{"_seopress_robots_primary_cat":"","_seopress_titles_title":"","_seopress_titles_desc":"","_seopress_robots_index":"","footnotes":""},"categories":[2],"tags":[1712,1822,1468,59,1804,911,1713],"class_list":["post-7674","post","type-post","status-publish","format-standard","has-post-thumbnail","hentry","category-futbol","tag-closs","tag-cristina-fernandez-de-kirchner","tag-futbol-para-todos","tag-grondona","tag-la-campora","tag-tinelli","tag-vignolo"],"_links":{"self":[{"href":"https:\/\/www.cordobatimes.com\/deportes\/wp-json\/wp\/v2\/posts\/7674","targetHints":{"allow":["GET"]}}],"collection":[{"href":"https:\/\/www.cordobatimes.com\/deportes\/wp-json\/wp\/v2\/posts"}],"about":[{"href":"https:\/\/www.cordobatimes.com\/deportes\/wp-json\/wp\/v2\/types\/post"}],"author":[{"embeddable":true,"href":"https:\/\/www.cordobatimes.com\/deportes\/wp-json\/wp\/v2\/users\/2"}],"replies":[{"embeddable":true,"href":"https:\/\/www.cordobatimes.com\/deportes\/wp-json\/wp\/v2\/comments?post=7674"}],"version-history":[{"count":0,"href":"https:\/\/www.cordobatimes.com\/deportes\/wp-json\/wp\/v2\/posts\/7674\/revisions"}],"wp:featuredmedia":[{"embeddable":true,"href":"https:\/\/www.cordobatimes.com\/deportes\/wp-json\/wp\/v2\/media\/7675"}],"wp:attachment":[{"href":"https:\/\/www.cordobatimes.com\/deportes\/wp-json\/wp\/v2\/media?parent=7674"}],"wp:term":[{"taxonomy":"category","embeddable":true,"href":"https:\/\/www.cordobatimes.com\/deportes\/wp-json\/wp\/v2\/categories?post=7674"},{"taxonomy":"post_tag","embeddable":true,"href":"https:\/\/www.cordobatimes.com\/deportes\/wp-json\/wp\/v2\/tags?post=7674"}],"curies":[{"name":"wp","href":"https:\/\/api.w.org\/{rel}","templated":true}]}}