{"id":7673,"date":"2014-02-07T12:59:20","date_gmt":"2014-02-07T15:59:20","guid":{"rendered":"http:\/\/www.cordobatimes.com\/deportes\/?p=7673"},"modified":"2014-02-07T13:06:39","modified_gmt":"2014-02-07T16:06:39","slug":"facundo-regalia-representara-a-la-argentina-en-la-gp2","status":"publish","type":"post","link":"https:\/\/www.cordobatimes.com\/deportes\/automovilismo\/2014\/02\/07\/facundo-regalia-representara-a-la-argentina-en-la-gp2\/","title":{"rendered":"Facundo Regalia representar\u00e1 a la Argentina en la GP2"},"content":{"rendered":"<h3><a href=\"http:\/\/www.cordobatimes.com\/deportes\/wp-content\/uploads\/2014\/02\/regalia.jpg\"><img loading=\"lazy\" decoding=\"async\" class=\"alignnone size-full wp-image-7677\" alt=\"regalia\" src=\"http:\/\/www.cordobatimes.com\/deportes\/wp-content\/uploads\/2014\/02\/regalia.jpg\" width=\"1200\" height=\"800\" data-id=\"7677\" srcset=\"https:\/\/www.cordobatimes.com\/deportes\/wp-content\/uploads\/2014\/02\/regalia.jpg 1200w, https:\/\/www.cordobatimes.com\/deportes\/wp-content\/uploads\/2014\/02\/regalia-300x200.jpg 300w, https:\/\/www.cordobatimes.com\/deportes\/wp-content\/uploads\/2014\/02\/regalia-1024x682.jpg 1024w\" sizes=\"auto, (max-width: 1200px) 100vw, 1200px\" \/><\/a><\/h3>\n<h3>Mediante su cuenta de Twitter, el joven piloto se encarg\u00f3 de anunciar la grata noticia, donde confirma que ser\u00e1 el representante argentino en la categor\u00eda internacional.<\/h3>\n<p>&nbsp;<\/p>\n<p>&nbsp;<\/p>\n<p>Facu Regalia, integrar\u00e1 el equipo\u00a0\u00a0Hilmer de GP2 Series y adem\u00e1s podr\u00e1 formar parte del programa de \u00a0jovenes talentos del Force India de F1.<\/p>\n<p>El equipo Hilmer, se ha fusionado con \u00a0Force India, y as\u00ed han creado el\u00a0Sahara Force India GP2 team. Esta uni\u00f3n, sin duda, beneficiar\u00e1 al joven piloto argentino, ya que ser\u00e1 observado en su desarrollo por una escuder\u00eda de F\u00f3rmula Uno.<\/p>\n<p>&#8220;Se hizo larga la espera, pero gracias a Dios y despu\u00e9s de tanto sacrificio, puedo hacer oficial que voy a estar corriendo con (@hilmer_gp2) en la GP2 y adentro del programa de desarrollo del equipo de F\u00f3rmula 1 @clubforce. Estoy feliz por todo lo que me esta pasando, no veo la hora de que llegue el momento de subirme al auto en Abu Dhabi, y de representar a mi pa\u00eds como se merece por todo el mundo!FR&#8221; Expres\u00f3 Regalia en su cuenta de Twitter (@FacuRegalia)<\/p>\n<p>&nbsp;<\/p>\n<p><strong>Por Laura Rodriguez | Tw: @laurodriguez6\u00a0<\/strong><\/p>\n<p>&nbsp;<\/p>\n","protected":false},"excerpt":{"rendered":"<p>Mediante su cuenta de Twitter, el joven piloto se encarg\u00f3 de anunciar la grata noticia, donde confirma que ser\u00e1 el representante argentino en la categor\u00eda internacional. &nbsp; &nbsp; Facu Regalia, integrar\u00e1 el equipo\u00a0\u00a0Hilmer de GP2 Series y adem\u00e1s podr\u00e1 formar parte del programa de \u00a0jovenes talentos del Force India de F1. El equipo Hilmer, se [&hellip;]<\/p>\n","protected":false},"author":6,"featured_media":7677,"comment_status":"open","ping_status":"open","sticky":false,"template":"","format":"standard","meta":{"_seopress_robots_primary_cat":"","_seopress_titles_title":"","_seopress_titles_desc":"","_seopress_robots_index":"","footnotes":""},"categories":[1],"tags":[1824,1823,1825,1826],"class_list":["post-7673","post","type-post","status-publish","format-standard","has-post-thumbnail","hentry","category-automovilismo","tag-argentinos-en-el-exterior","tag-facu-regalia","tag-facundo-regalia","tag-gp2-series"],"_links":{"self":[{"href":"https:\/\/www.cordobatimes.com\/deportes\/wp-json\/wp\/v2\/posts\/7673","targetHints":{"allow":["GET"]}}],"collection":[{"href":"https:\/\/www.cordobatimes.com\/deportes\/wp-json\/wp\/v2\/posts"}],"about":[{"href":"https:\/\/www.cordobatimes.com\/deportes\/wp-json\/wp\/v2\/types\/post"}],"author":[{"embeddable":true,"href":"https:\/\/www.cordobatimes.com\/deportes\/wp-json\/wp\/v2\/users\/6"}],"replies":[{"embeddable":true,"href":"https:\/\/www.cordobatimes.com\/deportes\/wp-json\/wp\/v2\/comments?post=7673"}],"version-history":[{"count":0,"href":"https:\/\/www.cordobatimes.com\/deportes\/wp-json\/wp\/v2\/posts\/7673\/revisions"}],"wp:featuredmedia":[{"embeddable":true,"href":"https:\/\/www.cordobatimes.com\/deportes\/wp-json\/wp\/v2\/media\/7677"}],"wp:attachment":[{"href":"https:\/\/www.cordobatimes.com\/deportes\/wp-json\/wp\/v2\/media?parent=7673"}],"wp:term":[{"taxonomy":"category","embeddable":true,"href":"https:\/\/www.cordobatimes.com\/deportes\/wp-json\/wp\/v2\/categories?post=7673"},{"taxonomy":"post_tag","embeddable":true,"href":"https:\/\/www.cordobatimes.com\/deportes\/wp-json\/wp\/v2\/tags?post=7673"}],"curies":[{"name":"wp","href":"https:\/\/api.w.org\/{rel}","templated":true}]}}