{"id":7657,"date":"2014-02-06T18:56:56","date_gmt":"2014-02-06T21:56:56","guid":{"rendered":"http:\/\/www.cordobatimes.com\/deportes\/?p=7657"},"modified":"2014-02-06T18:56:56","modified_gmt":"2014-02-06T21:56:56","slug":"desde-el-hospital-desmienten-que-schumacher-haya-muerto","status":"publish","type":"post","link":"https:\/\/www.cordobatimes.com\/deportes\/automovilismo\/2014\/02\/06\/desde-el-hospital-desmienten-que-schumacher-haya-muerto\/","title":{"rendered":"Desde el Hospital desmienten que Schumacher haya muerto"},"content":{"rendered":"<p style=\"text-align: justify;\"><a href=\"http:\/\/www.cordobatimes.com\/deportes\/wp-content\/uploads\/2014\/02\/schumi.jpg\"><img loading=\"lazy\" decoding=\"async\" class=\"alignnone size-full wp-image-7658\" alt=\"schumi\" src=\"http:\/\/www.cordobatimes.com\/deportes\/wp-content\/uploads\/2014\/02\/schumi.jpg\" width=\"1000\" height=\"570\" data-id=\"7658\" srcset=\"https:\/\/www.cordobatimes.com\/deportes\/wp-content\/uploads\/2014\/02\/schumi.jpg 1000w, https:\/\/www.cordobatimes.com\/deportes\/wp-content\/uploads\/2014\/02\/schumi-300x171.jpg 300w, https:\/\/www.cordobatimes.com\/deportes\/wp-content\/uploads\/2014\/02\/schumi-305x175.jpg 305w\" sizes=\"auto, (max-width: 1000px) 100vw, 1000px\" \/><\/a><\/p>\n<p style=\"text-align: justify;\">\n<p style=\"text-align: justify;\">\n<h3 style=\"text-align: justify;\">Este jueves la versi\u00f3n de que Michael Schumacher hab\u00eda muerto, se hizo fuerte en las redes sociales. Pero el Hospital de Grenoble, donde se encuentra internado el ex piloto de F1, se encarg\u00f3 de desmentir r\u00e1pidamente el rumor.<\/h3>\n<p style=\"text-align: justify;\">\n<p style=\"text-align: justify;\">El trascendido hab\u00eda circulado en la red social \u00a0Twitter y el portavoz del hospital tuvo que salir a aclarar la situaci\u00f3n.&#8221;El hospital de Grenoble desmiente que Michael Schumacher haya muerto&#8221; expres\u00f3.<\/p>\n<p style=\"text-align: justify;\">En tanto, la familia del siete veces campe\u00f3n, no se cansa de pedir que s\u00f3lo se hagan eco de las informaciones oficiales tanto del Hospital , como de la portavoz de la familia Schumacher.<\/p>\n<p style=\"text-align: justify;\">Hasta el momento, lo \u00faltimo que se sabe sobre el estado de salud del alem\u00e1n, es que est\u00e1 en proceso de \u00a0ser despertado del coma inducido que se encuentra desde el pasado 29 de diciembre, cuando golpe\u00f3 fuertemente su cabeza contra una roca andando en esqu\u00ed.<\/p>\n<p>&nbsp;<\/p>\n<p><strong>Por Laura Rodriguez | Tw: @laurodriguez6<\/strong><\/p>\n","protected":false},"excerpt":{"rendered":"<p>Este jueves la versi\u00f3n de que Michael Schumacher hab\u00eda muerto, se hizo fuerte en las redes sociales. Pero el Hospital de Grenoble, donde se encuentra internado el ex piloto de F1, se encarg\u00f3 de desmentir r\u00e1pidamente el rumor. El trascendido hab\u00eda circulado en la red social \u00a0Twitter y el portavoz del hospital tuvo que salir [&hellip;]<\/p>\n","protected":false},"author":6,"featured_media":7658,"comment_status":"open","ping_status":"open","sticky":false,"template":"","format":"standard","meta":{"_seopress_robots_primary_cat":"","_seopress_titles_title":"","_seopress_titles_desc":"","_seopress_robots_index":"","footnotes":""},"categories":[1],"tags":[1348,1338],"class_list":["post-7657","post","type-post","status-publish","format-standard","has-post-thumbnail","hentry","category-automovilismo","tag-michael-schumacher","tag-schumacher"],"_links":{"self":[{"href":"https:\/\/www.cordobatimes.com\/deportes\/wp-json\/wp\/v2\/posts\/7657","targetHints":{"allow":["GET"]}}],"collection":[{"href":"https:\/\/www.cordobatimes.com\/deportes\/wp-json\/wp\/v2\/posts"}],"about":[{"href":"https:\/\/www.cordobatimes.com\/deportes\/wp-json\/wp\/v2\/types\/post"}],"author":[{"embeddable":true,"href":"https:\/\/www.cordobatimes.com\/deportes\/wp-json\/wp\/v2\/users\/6"}],"replies":[{"embeddable":true,"href":"https:\/\/www.cordobatimes.com\/deportes\/wp-json\/wp\/v2\/comments?post=7657"}],"version-history":[{"count":0,"href":"https:\/\/www.cordobatimes.com\/deportes\/wp-json\/wp\/v2\/posts\/7657\/revisions"}],"wp:featuredmedia":[{"embeddable":true,"href":"https:\/\/www.cordobatimes.com\/deportes\/wp-json\/wp\/v2\/media\/7658"}],"wp:attachment":[{"href":"https:\/\/www.cordobatimes.com\/deportes\/wp-json\/wp\/v2\/media?parent=7657"}],"wp:term":[{"taxonomy":"category","embeddable":true,"href":"https:\/\/www.cordobatimes.com\/deportes\/wp-json\/wp\/v2\/categories?post=7657"},{"taxonomy":"post_tag","embeddable":true,"href":"https:\/\/www.cordobatimes.com\/deportes\/wp-json\/wp\/v2\/tags?post=7657"}],"curies":[{"name":"wp","href":"https:\/\/api.w.org\/{rel}","templated":true}]}}