{"id":7629,"date":"2014-02-06T13:14:09","date_gmt":"2014-02-06T16:14:09","guid":{"rendered":"http:\/\/www.cordobatimes.com\/deportes\/?p=7629"},"modified":"2014-02-06T14:53:33","modified_gmt":"2014-02-06T17:53:33","slug":"la-curiosa-publicidad-de-newell%c2%b4s","status":"publish","type":"post","link":"https:\/\/www.cordobatimes.com\/deportes\/polideportivo\/2014\/02\/06\/la-curiosa-publicidad-de-newell%c2%b4s\/","title":{"rendered":"La curiosa publicidad de Newell\u00b4s"},"content":{"rendered":"<h3 style=\"text-align: justify;\"><a href=\"http:\/\/www.cordobatimes.com\/deportes\/wp-content\/uploads\/2014\/02\/newells-publicidad.jpg\"><img loading=\"lazy\" decoding=\"async\" class=\"size-full wp-image-7630 aligncenter\" alt=\"newells publicidad\" src=\"http:\/\/www.cordobatimes.com\/deportes\/wp-content\/uploads\/2014\/02\/newells-publicidad.jpg\" width=\"855\" height=\"642\" data-id=\"7630\" srcset=\"https:\/\/www.cordobatimes.com\/deportes\/wp-content\/uploads\/2014\/02\/newells-publicidad.jpg 855w, https:\/\/www.cordobatimes.com\/deportes\/wp-content\/uploads\/2014\/02\/newells-publicidad-300x225.jpg 300w\" sizes=\"auto, (max-width: 855px) 100vw, 855px\" \/><\/a><\/h3>\n<h3 style=\"text-align: justify;\"><b>Los rosarinos adaptaron el spot del canal TyC Sports, en la que aparece el Papa Francisco. As\u00ed, los hinchas de \u201cLa Lepra\u201d tambi\u00e9n armaron una propia con el mismo audio. <\/b><\/h3>\n<h3 style=\"text-align: justify;\"><\/h3>\n<p style=\"text-align: justify;\">Eligieron im\u00e1genes de sus jugadores y sus hinchas para hacer el ingenioso comercial, de cara a lo que ser\u00e1 su participaci\u00f3n en la tan ansiada Copa Libertadores de Am\u00e9rica.<\/p>\n<p><iframe loading=\"lazy\" src=\"\/\/www.youtube.com\/embed\/1NdnieQ3-8o\" height=\"315\" width=\"420\" allowfullscreen=\"\" frameborder=\"0\"><\/iframe><\/p>\n","protected":false},"excerpt":{"rendered":"<p>Los rosarinos adaptaron el spot del canal TyC Sports, en la que aparece el Papa Francisco. As\u00ed, los hinchas de \u201cLa Lepra\u201d tambi\u00e9n armaron una propia con el mismo audio. Eligieron im\u00e1genes de sus jugadores y sus hinchas para hacer el ingenioso comercial, de cara a lo que ser\u00e1 su participaci\u00f3n en la tan ansiada [&hellip;]<\/p>\n","protected":false},"author":20,"featured_media":7630,"comment_status":"open","ping_status":"open","sticky":false,"template":"","format":"standard","meta":{"_seopress_robots_primary_cat":"","_seopress_titles_title":"","_seopress_titles_desc":"","_seopress_robots_index":"","footnotes":""},"categories":[6],"tags":[960],"class_list":["post-7629","post","type-post","status-publish","format-standard","has-post-thumbnail","hentry","category-polideportivo","tag-papa-francisco"],"_links":{"self":[{"href":"https:\/\/www.cordobatimes.com\/deportes\/wp-json\/wp\/v2\/posts\/7629","targetHints":{"allow":["GET"]}}],"collection":[{"href":"https:\/\/www.cordobatimes.com\/deportes\/wp-json\/wp\/v2\/posts"}],"about":[{"href":"https:\/\/www.cordobatimes.com\/deportes\/wp-json\/wp\/v2\/types\/post"}],"author":[{"embeddable":true,"href":"https:\/\/www.cordobatimes.com\/deportes\/wp-json\/wp\/v2\/users\/20"}],"replies":[{"embeddable":true,"href":"https:\/\/www.cordobatimes.com\/deportes\/wp-json\/wp\/v2\/comments?post=7629"}],"version-history":[{"count":0,"href":"https:\/\/www.cordobatimes.com\/deportes\/wp-json\/wp\/v2\/posts\/7629\/revisions"}],"wp:featuredmedia":[{"embeddable":true,"href":"https:\/\/www.cordobatimes.com\/deportes\/wp-json\/wp\/v2\/media\/7630"}],"wp:attachment":[{"href":"https:\/\/www.cordobatimes.com\/deportes\/wp-json\/wp\/v2\/media?parent=7629"}],"wp:term":[{"taxonomy":"category","embeddable":true,"href":"https:\/\/www.cordobatimes.com\/deportes\/wp-json\/wp\/v2\/categories?post=7629"},{"taxonomy":"post_tag","embeddable":true,"href":"https:\/\/www.cordobatimes.com\/deportes\/wp-json\/wp\/v2\/tags?post=7629"}],"curies":[{"name":"wp","href":"https:\/\/api.w.org\/{rel}","templated":true}]}}