{"id":7625,"date":"2014-02-06T13:04:31","date_gmt":"2014-02-06T16:04:31","guid":{"rendered":"http:\/\/www.cordobatimes.com\/deportes\/?p=7625"},"modified":"2014-02-06T13:04:31","modified_gmt":"2014-02-06T16:04:31","slug":"belgrano-espera-por-lanus","status":"publish","type":"post","link":"https:\/\/www.cordobatimes.com\/deportes\/futbol\/2014\/02\/06\/belgrano-espera-por-lanus\/","title":{"rendered":"Belgrano espera por Lan\u00fas"},"content":{"rendered":"<p style=\"text-align: justify;\"><b><a href=\"http:\/\/www.cordobatimes.com\/deportes\/wp-content\/uploads\/2014\/02\/Bueno-Belgrano.jpg\"><img loading=\"lazy\" decoding=\"async\" class=\"alignnone  wp-image-7626\" alt=\"Bueno Belgrano\" src=\"http:\/\/www.cordobatimes.com\/deportes\/wp-content\/uploads\/2014\/02\/Bueno-Belgrano.jpg\" width=\"650\" height=\"370\" data-id=\"7626\" \/><\/a><\/b><\/p>\n<p style=\"text-align: justify;\"><b>El pirata aguarda el comienzo del Torneo Final, cuando el lunes reciba a Lan\u00fas desde las 21.15 en el Mario Alberto Kempes. Zielinski espera por la recuperaci\u00f3n de Carlos Bueno.<\/b><\/p>\n<p style=\"text-align: justify;\">\n<p style=\"text-align: justify;\">Luego de la exigente pretemporada en Necochea y C\u00f3rdoba, la \u201cB\u201d comienza su andar en el campeonato el pr\u00f3ximo lunes enfrentando al \u201cGranate\u201d.\u00a0El equipo de Zielisnki se perfila como uno de los equipos que pueden dar pelea, y por qu\u00e9 no, lograr el primer t\u00edtulo a nivel nacional para los de Alberdi.<\/p>\n<p style=\"text-align: justify;\">Desde su recordado ascenso en 2011 frente a River, los dirigidos por el \u201cRuso\u201d se han consolidado como un equipo duro y ordenado. Pero ahora hay que sumarle el peso ofensivo que le otorga el \u201cPicante\u201d Pereyra (\u00faltimo goleador del torneo), y el uruguayo Carlos Buenos, de gran trabajo a lo largo del verano.<\/p>\n<p style=\"text-align: justify;\">Sobre el ex San Lorenzo hay que informar que durante el entrenamiento de ayer debi\u00f3 retirase por una molestia en el hipocondr\u00edaco derecho (se ubica entre el h\u00edgado y la ves\u00edcula). El delantero ser\u00e1 evaluado en la semana para ver si llega al partido (todo parece indicar que si). El plantel entrenar\u00e1 todos los d\u00edas en horas de la ma\u00f1ana en el predio de Villa Esqui\u00fa, y el s\u00e1bado quedar\u00e1n concentrados.<\/p>\n<p style=\"text-align: justify;\"><strong>Por Facundo Ojeda Izaguirre<\/strong><\/p>\n","protected":false},"excerpt":{"rendered":"<p>El pirata aguarda el comienzo del Torneo Final, cuando el lunes reciba a Lan\u00fas desde las 21.15 en el Mario Alberto Kempes. Zielinski espera por la recuperaci\u00f3n de Carlos Bueno. Luego de la exigente pretemporada en Necochea y C\u00f3rdoba, la \u201cB\u201d comienza su andar en el campeonato el pr\u00f3ximo lunes enfrentando al \u201cGranate\u201d.\u00a0El equipo de [&hellip;]<\/p>\n","protected":false},"author":2,"featured_media":7626,"comment_status":"open","ping_status":"open","sticky":false,"template":"","format":"standard","meta":{"_seopress_robots_primary_cat":"","_seopress_titles_title":"","_seopress_titles_desc":"","_seopress_robots_index":"","footnotes":""},"categories":[2,16],"tags":[37,1053,73,1816],"class_list":["post-7625","post","type-post","status-publish","format-standard","has-post-thumbnail","hentry","category-futbol","category-primera-division","tag-belgrano","tag-carlos-bueno","tag-lanus","tag-torneo-final"],"_links":{"self":[{"href":"https:\/\/www.cordobatimes.com\/deportes\/wp-json\/wp\/v2\/posts\/7625","targetHints":{"allow":["GET"]}}],"collection":[{"href":"https:\/\/www.cordobatimes.com\/deportes\/wp-json\/wp\/v2\/posts"}],"about":[{"href":"https:\/\/www.cordobatimes.com\/deportes\/wp-json\/wp\/v2\/types\/post"}],"author":[{"embeddable":true,"href":"https:\/\/www.cordobatimes.com\/deportes\/wp-json\/wp\/v2\/users\/2"}],"replies":[{"embeddable":true,"href":"https:\/\/www.cordobatimes.com\/deportes\/wp-json\/wp\/v2\/comments?post=7625"}],"version-history":[{"count":0,"href":"https:\/\/www.cordobatimes.com\/deportes\/wp-json\/wp\/v2\/posts\/7625\/revisions"}],"wp:featuredmedia":[{"embeddable":true,"href":"https:\/\/www.cordobatimes.com\/deportes\/wp-json\/wp\/v2\/media\/7626"}],"wp:attachment":[{"href":"https:\/\/www.cordobatimes.com\/deportes\/wp-json\/wp\/v2\/media?parent=7625"}],"wp:term":[{"taxonomy":"category","embeddable":true,"href":"https:\/\/www.cordobatimes.com\/deportes\/wp-json\/wp\/v2\/categories?post=7625"},{"taxonomy":"post_tag","embeddable":true,"href":"https:\/\/www.cordobatimes.com\/deportes\/wp-json\/wp\/v2\/tags?post=7625"}],"curies":[{"name":"wp","href":"https:\/\/api.w.org\/{rel}","templated":true}]}}