{"id":7614,"date":"2014-02-06T11:55:08","date_gmt":"2014-02-06T14:55:08","guid":{"rendered":"http:\/\/www.cordobatimes.com\/deportes\/?p=7614"},"modified":"2014-02-06T11:55:08","modified_gmt":"2014-02-06T14:55:08","slug":"el-tc-se-pone-en-marcha","status":"publish","type":"post","link":"https:\/\/www.cordobatimes.com\/deportes\/automovilismo\/2014\/02\/06\/el-tc-se-pone-en-marcha\/","title":{"rendered":"El TC se pone en marcha"},"content":{"rendered":"<h3 style=\"text-align: justify;\"><a href=\"http:\/\/www.cordobatimes.com\/deportes\/wp-content\/uploads\/2014\/02\/tc.jpg\"><img loading=\"lazy\" decoding=\"async\" class=\"alignnone size-full wp-image-7615\" alt=\"tc\" src=\"http:\/\/www.cordobatimes.com\/deportes\/wp-content\/uploads\/2014\/02\/tc.jpg\" width=\"690\" height=\"370\" data-id=\"7615\" srcset=\"https:\/\/www.cordobatimes.com\/deportes\/wp-content\/uploads\/2014\/02\/tc.jpg 690w, https:\/\/www.cordobatimes.com\/deportes\/wp-content\/uploads\/2014\/02\/tc-300x160.jpg 300w\" sizes=\"auto, (max-width: 690px) 100vw, 690px\" \/><\/a><\/h3>\n<h3 style=\"text-align: justify;\"><\/h3>\n<h3 style=\"text-align: justify;\"><\/h3>\n<h3 style=\"text-align: justify;\">Los equipos \u00a0ya est\u00e1n arribando a la ciudad neuquina de Centenario, donde a partir de este viernes 7, arrancar\u00e1 la temporada 2014 de \u00a0Turismo Carretera y TC Pista.<\/h3>\n<p style=\"text-align: justify;\">\n<p style=\"text-align: justify;\">Se acab\u00f3 la espera para los amantes del TC, este fin de semana comenzar\u00e1n a rugir los motores nuevamente y se pondr\u00e1 luz verde a un nuevo torneo, en el que Diego Avent\u00edn lucir\u00e1 el &#8220;1&#8221; en los laterales de su Ford.<\/p>\n<p style=\"text-align: justify;\">\u00a0Los equipos y pilotos han trabajando incansablemente a lo largo de la semana para poner sus coches en condiciones, tal es el caso de Gabriel Ponce de Le\u00f3n que finalmente llegar\u00e1 a Neuqu\u00e9n con auto propio y con asistencia de su hermano Mariano, luego de haberse desvinculado del equipo del &#8220;Gur\u00ec&#8221; Martinez.<\/p>\n<p style=\"text-align: justify;\">\u00a0Mientras que, Mariano Werner, Norberto Fontana, Mathias Nolesi entre otros fueron los que culminaron sus jornadas de ensayos este mi\u00e9rcoles en el aut\u00f3dromo de 9 de Julio, como as\u00ed tambi\u00e9n otro gran n\u00famero lo hizo en el Roberto Mouras de La Plata, como segundo circuito habilitado para tal fin.<\/p>\n<p style=\"text-align: justify;\">El \u00fanico cordob\u00e9s que estar\u00e1 participando en la categor\u00eda, ser\u00e1 el piloto de Laboulaye, Ricardo Risatti a bordo de un Torino, ya que &#8220;Pechito&#8221; L\u00f3pez nos representar\u00e1 a nivel internacional en la WTCC y Nestor &#8220;Bebu&#8221; Girolami se encuentra suspendido.<\/p>\n<p style=\"text-align: justify;\">La actividad oficial comenzar\u00e1 ma\u00f1ana a las 12.30, hora en que el primer coche salga a pista y \u00a0se ponga en marcha el campeonato 2014 de Turismo Carretera y TC Pista.<\/p>\n<p style=\"text-align: justify;\">\n<p style=\"text-align: justify;\"><strong>Por Laura Rodriguez | Tw: @laurodriguez6<\/strong><\/p>\n","protected":false},"excerpt":{"rendered":"<p>Los equipos \u00a0ya est\u00e1n arribando a la ciudad neuquina de Centenario, donde a partir de este viernes 7, arrancar\u00e1 la temporada 2014 de \u00a0Turismo Carretera y TC Pista. Se acab\u00f3 la espera para los amantes del TC, este fin de semana comenzar\u00e1n a rugir los motores nuevamente y se pondr\u00e1 luz verde a un nuevo [&hellip;]<\/p>\n","protected":false},"author":6,"featured_media":7615,"comment_status":"open","ping_status":"open","sticky":false,"template":"","format":"standard","meta":{"_seopress_robots_primary_cat":"","_seopress_titles_title":"","_seopress_titles_desc":"","_seopress_robots_index":"","footnotes":""},"categories":[1,9],"tags":[5563,242],"class_list":["post-7614","post","type-post","status-publish","format-standard","has-post-thumbnail","hentry","category-automovilismo","category-tc","tag-tc","tag-turismo-carretera"],"_links":{"self":[{"href":"https:\/\/www.cordobatimes.com\/deportes\/wp-json\/wp\/v2\/posts\/7614","targetHints":{"allow":["GET"]}}],"collection":[{"href":"https:\/\/www.cordobatimes.com\/deportes\/wp-json\/wp\/v2\/posts"}],"about":[{"href":"https:\/\/www.cordobatimes.com\/deportes\/wp-json\/wp\/v2\/types\/post"}],"author":[{"embeddable":true,"href":"https:\/\/www.cordobatimes.com\/deportes\/wp-json\/wp\/v2\/users\/6"}],"replies":[{"embeddable":true,"href":"https:\/\/www.cordobatimes.com\/deportes\/wp-json\/wp\/v2\/comments?post=7614"}],"version-history":[{"count":0,"href":"https:\/\/www.cordobatimes.com\/deportes\/wp-json\/wp\/v2\/posts\/7614\/revisions"}],"wp:featuredmedia":[{"embeddable":true,"href":"https:\/\/www.cordobatimes.com\/deportes\/wp-json\/wp\/v2\/media\/7615"}],"wp:attachment":[{"href":"https:\/\/www.cordobatimes.com\/deportes\/wp-json\/wp\/v2\/media?parent=7614"}],"wp:term":[{"taxonomy":"category","embeddable":true,"href":"https:\/\/www.cordobatimes.com\/deportes\/wp-json\/wp\/v2\/categories?post=7614"},{"taxonomy":"post_tag","embeddable":true,"href":"https:\/\/www.cordobatimes.com\/deportes\/wp-json\/wp\/v2\/tags?post=7614"}],"curies":[{"name":"wp","href":"https:\/\/api.w.org\/{rel}","templated":true}]}}