{"id":7555,"date":"2014-02-05T04:40:14","date_gmt":"2014-02-05T07:40:14","guid":{"rendered":"http:\/\/www.cordobatimes.com\/deportes\/?p=7555"},"modified":"2014-02-05T04:40:49","modified_gmt":"2014-02-05T07:40:49","slug":"el-enigma-nadal-jugara-el-atp-de-buenos-aires","status":"publish","type":"post","link":"https:\/\/www.cordobatimes.com\/deportes\/tenis\/2014\/02\/05\/el-enigma-nadal-jugara-el-atp-de-buenos-aires\/","title":{"rendered":"El enigma Nadal: \u00bfJugar\u00e1 el ATP de Buenos Aires?"},"content":{"rendered":"<h3 style=\"text-align: justify;\"><a href=\"http:\/\/www.cordobatimes.com\/deportes\/wp-content\/uploads\/2014\/02\/Nadal-Australia.jpg\"><img loading=\"lazy\" decoding=\"async\" class=\"aligncenter size-full wp-image-7556\" alt=\"Nadal-Australia\" src=\"http:\/\/www.cordobatimes.com\/deportes\/wp-content\/uploads\/2014\/02\/Nadal-Australia.jpg\" width=\"534\" height=\"401\" data-id=\"7556\" srcset=\"https:\/\/www.cordobatimes.com\/deportes\/wp-content\/uploads\/2014\/02\/Nadal-Australia.jpg 534w, https:\/\/www.cordobatimes.com\/deportes\/wp-content\/uploads\/2014\/02\/Nadal-Australia-300x225.jpg 300w\" sizes=\"auto, (max-width: 534px) 100vw, 534px\" \/><\/a><\/h3>\n<h3 style=\"text-align: justify;\"><strong>El tenista espa\u00f1ol Rafael Nadal, ante la pregunta ante la pregunta de si participar\u00e1 en el torneo de Buenos Aires, dijo que no ha decidido todav\u00eda si participar\u00e1 la pr\u00f3xima semana en el torneo de Buenos Aires.\u00a0<\/strong><\/h3>\n<p>&nbsp;<\/p>\n<div style=\"text-align: justify;\">\u00a0Adem\u00e1s,\u00a0record\u00f3 con pesar lo ocurrido en la final del Gran Slam de Australia donde perdi\u00f3 ante\u00a0Stanislas Wawrinka. Al respecto dijo: \u201cUn momento que pase ah\u00ed complicado, la peor hora y media que he pasado en una pista de tenis por lo que significaba el partido para m\u00ed y por el partido en s\u00ed, una final de Grand Slam. Pero bueno, eso es lo que ocurre a veces e intent\u00e9 llevarlo de la mejor manera posible, superarlo bien y terminar bien. Creo que era la \u00fanica manera de salir al menos con la cabeza alta, que es lo que hice, y aqu\u00ed estamos\u201d.<\/div>\n<p style=\"text-align: justify;\">Tambi\u00e9n, Nadal explic\u00f3 por qu\u00e9 llor\u00f3 en la cancha de Melbourne: \u201cPor dolor de espalda no hay l\u00e1grimas. Dolor de impotencia, de haber llegado hasta ah\u00ed y verme inhabilitado para poder competir, evidentemente son momentos complicados de aceptar y m\u00e1s cuando est\u00e1s en medio de la pista y sabes que no vas a ganar, que no tienes ninguna opci\u00f3n de ganar. Y tampoco tengo la intenci\u00f3n de retirarme, porque es una situaci\u00f3n complicada y muy desagradable retirarme de una final como esa\u201d.<\/p>\n<p style=\"text-align: justify;\">Tras referirse al mal momento en el Abierto de Australia, se refiri\u00f3 a la Copa \u00a0Davis,\u00a0Con respecto aquel torneo, Nadal dijo que, si no tiene lesiones, estar\u00e1 en septiembre ayudando a Espa\u00f1a a mantenerse en el Grupo Mundial.<\/p>\n","protected":false},"excerpt":{"rendered":"<p>El tenista espa\u00f1ol Rafael Nadal, ante la pregunta ante la pregunta de si participar\u00e1 en el torneo de Buenos Aires, dijo que no ha decidido todav\u00eda si participar\u00e1 la pr\u00f3xima semana en el torneo de Buenos Aires.\u00a0 &nbsp; \u00a0Adem\u00e1s,\u00a0record\u00f3 con pesar lo ocurrido en la final del Gran Slam de Australia donde perdi\u00f3 ante\u00a0Stanislas Wawrinka. [&hellip;]<\/p>\n","protected":false},"author":1,"featured_media":7556,"comment_status":"open","ping_status":"open","sticky":false,"template":"","format":"standard","meta":{"_seopress_robots_primary_cat":"","_seopress_titles_title":"","_seopress_titles_desc":"","_seopress_robots_index":"","footnotes":""},"categories":[4],"tags":[1808,1807,237,5559],"class_list":["post-7555","post","type-post","status-publish","format-standard","has-post-thumbnail","hentry","category-tenis","tag-jugara-el-atp-de-buenos-aires","tag-atp-buenos-aires","tag-nadal","tag-tenis"],"_links":{"self":[{"href":"https:\/\/www.cordobatimes.com\/deportes\/wp-json\/wp\/v2\/posts\/7555","targetHints":{"allow":["GET"]}}],"collection":[{"href":"https:\/\/www.cordobatimes.com\/deportes\/wp-json\/wp\/v2\/posts"}],"about":[{"href":"https:\/\/www.cordobatimes.com\/deportes\/wp-json\/wp\/v2\/types\/post"}],"author":[{"embeddable":true,"href":"https:\/\/www.cordobatimes.com\/deportes\/wp-json\/wp\/v2\/users\/1"}],"replies":[{"embeddable":true,"href":"https:\/\/www.cordobatimes.com\/deportes\/wp-json\/wp\/v2\/comments?post=7555"}],"version-history":[{"count":0,"href":"https:\/\/www.cordobatimes.com\/deportes\/wp-json\/wp\/v2\/posts\/7555\/revisions"}],"wp:featuredmedia":[{"embeddable":true,"href":"https:\/\/www.cordobatimes.com\/deportes\/wp-json\/wp\/v2\/media\/7556"}],"wp:attachment":[{"href":"https:\/\/www.cordobatimes.com\/deportes\/wp-json\/wp\/v2\/media?parent=7555"}],"wp:term":[{"taxonomy":"category","embeddable":true,"href":"https:\/\/www.cordobatimes.com\/deportes\/wp-json\/wp\/v2\/categories?post=7555"},{"taxonomy":"post_tag","embeddable":true,"href":"https:\/\/www.cordobatimes.com\/deportes\/wp-json\/wp\/v2\/tags?post=7555"}],"curies":[{"name":"wp","href":"https:\/\/api.w.org\/{rel}","templated":true}]}}