{"id":7551,"date":"2014-02-06T11:15:17","date_gmt":"2014-02-06T14:15:17","guid":{"rendered":"http:\/\/www.cordobatimes.com\/deportes\/?p=7551"},"modified":"2014-02-06T12:57:33","modified_gmt":"2014-02-06T15:57:33","slug":"diego-perotti-sera-jugador-de-boca","status":"publish","type":"post","link":"https:\/\/www.cordobatimes.com\/deportes\/futbol\/2014\/02\/06\/diego-perotti-sera-jugador-de-boca\/","title":{"rendered":"Diego Perotti es el nuevo refuerzo de Boca"},"content":{"rendered":"<h3 style=\"text-align: justify;\"><\/h3>\n<h3 style=\"text-align: justify;\"><a href=\"http:\/\/www.cordobatimes.com\/deportes\/wp-content\/uploads\/2014\/02\/Diego-Perotti1.jpg\"><img loading=\"lazy\" decoding=\"async\" class=\"size-full wp-image-7622 aligncenter\" alt=\"Diego-Perotti\" src=\"http:\/\/www.cordobatimes.com\/deportes\/wp-content\/uploads\/2014\/02\/Diego-Perotti1.jpg\" width=\"660\" height=\"349\" data-id=\"7622\" srcset=\"https:\/\/www.cordobatimes.com\/deportes\/wp-content\/uploads\/2014\/02\/Diego-Perotti1.jpg 660w, https:\/\/www.cordobatimes.com\/deportes\/wp-content\/uploads\/2014\/02\/Diego-Perotti1-300x158.jpg 300w\" sizes=\"auto, (max-width: 660px) 100vw, 660px\" \/><\/a><\/h3>\n<h3 style=\"text-align: justify;\"><b>El volante es la nueva cara del conjunto \u201cxeneixe\u201d. Ya dijo que est\u00e1 en condiciones de jugar el domingo. Tuvo elogios para Carlos Bianchi y Juan Rom\u00e1n Riquelme.<\/b><\/h3>\n<p style=\"text-align: justify;\">\n<p style=\"text-align: justify;\">&#8220;Siempre so\u00f1\u00e9 con volver a casa, al club en el que hice las inferiores y del que soy hincha&#8221;, dijo en su primer contacto con la prensa, en el pa\u00eds, como nuevo jugador xeneize. &#8220;Es una alegr\u00eda enorme estar ac\u00e1, estoy muy contento y llego con la idea de hacer al club todav\u00eda m\u00e1s grande&#8221;, remarc\u00f3 el volante, quien sostuvo est\u00e1 &#8220;acostumbrado a jugar por izquierda&#8221;.<\/p>\n<p style=\"text-align: justify;\">Perotti asegur\u00f3 estar &#8220;a disposici\u00f3n&#8221; y en condiciones para jugar el domingo ante Newell\u00b4s, por la primera fecha del Torneo Final. &#8220;Estoy recuperado de unas molestias en la rodilla, con entrenamientos encima y muchas ganas de jugar&#8221;, sostuvo.<\/p>\n<p style=\"text-align: justify;\">Elogi\u00f3 a Carlos Bianchi y a Juan Rom\u00e1n Riquelme: &#8220;Es uno de los mejores entrenadores, y que \u00e9l me dirija debe ser maravilloso&#8221;, sostuvo sobre el Virrey. &#8220;Es un crack, lo disfrutaba cuando era alcanzapelotas&#8221;, indic\u00f3 sobre el enganche xeneize.<\/p>\n<p style=\"text-align: justify;\"><strong>\u00a0<\/strong><\/p>\n<blockquote class=\"twitter-tweet\" lang=\"es\"><p>Felizmente puedo anunciar que soy jugador de BOCA, un orgullo haber compartido con la familia del Sevilla. <a href=\"https:\/\/twitter.com\/search?q=%23DaleBoca&amp;src=hash\">#DaleBoca<\/a> \u26bd\ufe0f<\/p>\n<p>\u2014 Diego Perotti (@DiegoPerotti10) <a href=\"https:\/\/twitter.com\/DiegoPerotti10\/statuses\/431024262716329984\">febrero 5, 2014<\/a><\/p><\/blockquote>\n","protected":false},"excerpt":{"rendered":"<p>El volante es la nueva cara del conjunto \u201cxeneixe\u201d. Ya dijo que est\u00e1 en condiciones de jugar el domingo. Tuvo elogios para Carlos Bianchi y Juan Rom\u00e1n Riquelme. &#8220;Siempre so\u00f1\u00e9 con volver a casa, al club en el que hice las inferiores y del que soy hincha&#8221;, dijo en su primer contacto con la prensa, [&hellip;]<\/p>\n","protected":false},"author":1,"featured_media":7622,"comment_status":"open","ping_status":"open","sticky":false,"template":"","format":"standard","meta":{"_seopress_robots_primary_cat":"","_seopress_titles_title":"","_seopress_titles_desc":"","_seopress_robots_index":"","footnotes":""},"categories":[2,16],"tags":[650,851,1805,1613,1806],"class_list":["post-7551","post","type-post","status-publish","format-standard","has-post-thumbnail","hentry","category-futbol","category-primera-division","tag-boca-juniors","tag-carlos-bianchi","tag-diego-perotti-refuerzo-de-boca","tag-sevilla","tag-sevilla-fc"],"_links":{"self":[{"href":"https:\/\/www.cordobatimes.com\/deportes\/wp-json\/wp\/v2\/posts\/7551","targetHints":{"allow":["GET"]}}],"collection":[{"href":"https:\/\/www.cordobatimes.com\/deportes\/wp-json\/wp\/v2\/posts"}],"about":[{"href":"https:\/\/www.cordobatimes.com\/deportes\/wp-json\/wp\/v2\/types\/post"}],"author":[{"embeddable":true,"href":"https:\/\/www.cordobatimes.com\/deportes\/wp-json\/wp\/v2\/users\/1"}],"replies":[{"embeddable":true,"href":"https:\/\/www.cordobatimes.com\/deportes\/wp-json\/wp\/v2\/comments?post=7551"}],"version-history":[{"count":0,"href":"https:\/\/www.cordobatimes.com\/deportes\/wp-json\/wp\/v2\/posts\/7551\/revisions"}],"wp:featuredmedia":[{"embeddable":true,"href":"https:\/\/www.cordobatimes.com\/deportes\/wp-json\/wp\/v2\/media\/7622"}],"wp:attachment":[{"href":"https:\/\/www.cordobatimes.com\/deportes\/wp-json\/wp\/v2\/media?parent=7551"}],"wp:term":[{"taxonomy":"category","embeddable":true,"href":"https:\/\/www.cordobatimes.com\/deportes\/wp-json\/wp\/v2\/categories?post=7551"},{"taxonomy":"post_tag","embeddable":true,"href":"https:\/\/www.cordobatimes.com\/deportes\/wp-json\/wp\/v2\/tags?post=7551"}],"curies":[{"name":"wp","href":"https:\/\/api.w.org\/{rel}","templated":true}]}}