{"id":7547,"date":"2014-02-05T00:50:47","date_gmt":"2014-02-05T03:50:47","guid":{"rendered":"http:\/\/www.cordobatimes.com\/deportes\/?p=7547"},"modified":"2014-02-05T09:24:09","modified_gmt":"2014-02-05T12:24:09","slug":"a-horas-del-anuncio-oficial-tinelli-se-bajaria-de-futbol-para-todos","status":"publish","type":"post","link":"https:\/\/www.cordobatimes.com\/deportes\/futbol\/2014\/02\/05\/a-horas-del-anuncio-oficial-tinelli-se-bajaria-de-futbol-para-todos\/","title":{"rendered":"A horas del anuncio oficial, Tinelli se bajar\u00eda de F\u00fatbol Para Todos"},"content":{"rendered":"<h3><\/h3>\n<p><a href=\"http:\/\/www.cordobatimes.com\/deportes\/wp-content\/uploads\/2014\/02\/marcelo_tinelli_vs_la_campora.png\"><img loading=\"lazy\" decoding=\"async\" class=\"aligncenter size-large wp-image-7548\" alt=\"marcelo_tinelli_vs_la_campora\" src=\"http:\/\/www.cordobatimes.com\/deportes\/wp-content\/uploads\/2014\/02\/marcelo_tinelli_vs_la_campora-1024x327.png\" width=\"1024\" height=\"327\" data-id=\"7548\" srcset=\"https:\/\/www.cordobatimes.com\/deportes\/wp-content\/uploads\/2014\/02\/marcelo_tinelli_vs_la_campora-1024x327.png 1024w, https:\/\/www.cordobatimes.com\/deportes\/wp-content\/uploads\/2014\/02\/marcelo_tinelli_vs_la_campora-300x96.png 300w, https:\/\/www.cordobatimes.com\/deportes\/wp-content\/uploads\/2014\/02\/marcelo_tinelli_vs_la_campora.png 1090w\" sizes=\"auto, (max-width: 1024px) 100vw, 1024px\" \/><\/a><\/p>\n<h3 style=\"text-align: justify;\"><strong>Por problemas con La C\u00e1mpora, el conductor se bajar\u00eda de su participaci\u00f3n en la televisaci\u00f3n del programa deportivo.<\/strong><\/h3>\n<p>&nbsp;<\/p>\n<p style=\"text-align: justify;\">\u201cEs imposible cuando dos personas pretenden manejar el volante del mismo auto\u201d y \u201cMuchachos dif\u00edciles\u201d fueron los tuits que Marcelo Tinelli desde su cuenta @cuervotinelli arroj\u00f3 entre ayer y hoy.<\/p>\n<div style=\"text-align: justify;\"><\/div>\n<p style=\"text-align: justify;\">Palabras m\u00e1s, palabras menos, lo que el conductor televisivo estaba dejando entrever es que su participaci\u00f3n en el programa F\u00fatbol Para Todos estar\u00eda seriamente en dudas.<\/p>\n<p style=\"text-align: justify;\">La nueva imagen de FPT ser\u00e1 presentada oficialmente hoy en Ezeiza con la presencia del presidente de la AFA, Julio Grondona; el jefe de Gabinete, Jorge Capitanich, y m\u00e1ximas autoridades de la empresa Torneo y Competencias. No obstante, el gran ausente ser\u00eda Marcelo Hugo.<\/p>\n<p style=\"text-align: justify;\">\u201cSe pudri\u00f3 todo entre @cuervotinelli y el gobierno X F\u00fatbol para Todos. El conductor no ir\u00eda ma\u00f1ana a la presentaci\u00f3n\u201d lanz\u00f3 tambi\u00e9n v\u00eda Twitter Jorge Rial, quien agreg\u00f3 \u201cni el logo le aprobaron porque se parec\u00eda al de LAN y eso molest\u00f3 a La C\u00e1mpora\u201d<\/p>\n<p style=\"text-align: justify;\">Rial se\u00f1al\u00f3 que \u201cle daban libertad a @cuervotinelli para proponer pero no decidir. No aceptaron que bajaran a Javier Vicente, periodista del relato&#8221;.<\/p>\n<p style=\"text-align: justify;\">\u201cHasta Hebe se meti\u00f3\u201d, dijo el periodista, quien prometi\u00f3 dar m\u00e1s datos en su programa radial de la ma\u00f1ana en AM La Red.<\/p>\n","protected":false},"excerpt":{"rendered":"<p>Por problemas con La C\u00e1mpora, el conductor se bajar\u00eda de su participaci\u00f3n en la televisaci\u00f3n del programa deportivo. &nbsp; \u201cEs imposible cuando dos personas pretenden manejar el volante del mismo auto\u201d y \u201cMuchachos dif\u00edciles\u201d fueron los tuits que Marcelo Tinelli desde su cuenta @cuervotinelli arroj\u00f3 entre ayer y hoy. Palabras m\u00e1s, palabras menos, lo que [&hellip;]<\/p>\n","protected":false},"author":1,"featured_media":7548,"comment_status":"open","ping_status":"open","sticky":false,"template":"","format":"standard","meta":{"_seopress_robots_primary_cat":"","_seopress_titles_title":"","_seopress_titles_desc":"","_seopress_robots_index":"","footnotes":""},"categories":[2],"tags":[1468,1804,1150],"class_list":["post-7547","post","type-post","status-publish","format-standard","has-post-thumbnail","hentry","category-futbol","tag-futbol-para-todos","tag-la-campora","tag-marcelo-tinelli"],"_links":{"self":[{"href":"https:\/\/www.cordobatimes.com\/deportes\/wp-json\/wp\/v2\/posts\/7547","targetHints":{"allow":["GET"]}}],"collection":[{"href":"https:\/\/www.cordobatimes.com\/deportes\/wp-json\/wp\/v2\/posts"}],"about":[{"href":"https:\/\/www.cordobatimes.com\/deportes\/wp-json\/wp\/v2\/types\/post"}],"author":[{"embeddable":true,"href":"https:\/\/www.cordobatimes.com\/deportes\/wp-json\/wp\/v2\/users\/1"}],"replies":[{"embeddable":true,"href":"https:\/\/www.cordobatimes.com\/deportes\/wp-json\/wp\/v2\/comments?post=7547"}],"version-history":[{"count":0,"href":"https:\/\/www.cordobatimes.com\/deportes\/wp-json\/wp\/v2\/posts\/7547\/revisions"}],"wp:featuredmedia":[{"embeddable":true,"href":"https:\/\/www.cordobatimes.com\/deportes\/wp-json\/wp\/v2\/media\/7548"}],"wp:attachment":[{"href":"https:\/\/www.cordobatimes.com\/deportes\/wp-json\/wp\/v2\/media?parent=7547"}],"wp:term":[{"taxonomy":"category","embeddable":true,"href":"https:\/\/www.cordobatimes.com\/deportes\/wp-json\/wp\/v2\/categories?post=7547"},{"taxonomy":"post_tag","embeddable":true,"href":"https:\/\/www.cordobatimes.com\/deportes\/wp-json\/wp\/v2\/tags?post=7547"}],"curies":[{"name":"wp","href":"https:\/\/api.w.org\/{rel}","templated":true}]}}