{"id":7524,"date":"2014-02-04T15:46:18","date_gmt":"2014-02-04T18:46:18","guid":{"rendered":"http:\/\/www.cordobatimes.com\/deportes\/?p=7524"},"modified":"2014-02-04T15:46:18","modified_gmt":"2014-02-04T18:46:18","slug":"el-mudo-vazquez-quiere-volver","status":"publish","type":"post","link":"https:\/\/www.cordobatimes.com\/deportes\/futbol\/primera-division\/2014\/02\/04\/el-mudo-vazquez-quiere-volver\/","title":{"rendered":"El \u201cMudo\u201d V\u00e1zquez quiere volver"},"content":{"rendered":"<h3 style=\"text-align: justify;\"><a href=\"http:\/\/www.cordobatimes.com\/deportes\/wp-content\/uploads\/2014\/02\/mudo-vazquez-palermo.jpg\"><img loading=\"lazy\" decoding=\"async\" class=\"size-full wp-image-7525 aligncenter\" alt=\"mudo-vazquez-palermo\" src=\"http:\/\/www.cordobatimes.com\/deportes\/wp-content\/uploads\/2014\/02\/mudo-vazquez-palermo.jpg\" width=\"1140\" height=\"642\" data-id=\"7525\" srcset=\"https:\/\/www.cordobatimes.com\/deportes\/wp-content\/uploads\/2014\/02\/mudo-vazquez-palermo.jpg 1140w, https:\/\/www.cordobatimes.com\/deportes\/wp-content\/uploads\/2014\/02\/mudo-vazquez-palermo-300x168.jpg 300w, https:\/\/www.cordobatimes.com\/deportes\/wp-content\/uploads\/2014\/02\/mudo-vazquez-palermo-1024x576.jpg 1024w\" sizes=\"auto, (max-width: 1140px) 100vw, 1140px\" \/><\/a><\/h3>\n<h3 style=\"text-align: justify;\"><b>El ex volante de Belgrano, actualmente en el Palermo de Italia manifest\u00f3 sus ganas de volver a Argentina y jugar en el futbol local. En los \u00faltimos seis meses no fue tenido en cuenta por el club italiano pero para este a\u00f1o parece que s\u00ed. Ya fue contactado por V\u00e9lez. &#8220;Si fuera por m\u00ed ya hubiera ido&#8221;, dijo.<\/b><\/h3>\n<p style=\"text-align: justify;\">\n<p style=\"text-align: justify;\">\n<p style=\"text-align: justify;\">El \u201cMudo\u201d quiere pegar la vuelta, seg\u00fan expres\u00f3 en declaraciones al canal TyC Sports. \u201cEstoy en una edad justa y V\u00e9lez va a jugar la Copa Libertadores y el torneo&#8221;, dijo el cordob\u00e9s. V\u00e9lez S\u00e1rsfield es el equipo que pretende contar con &#8220;el Mudo&#8221;, quien expres\u00f3 ganas de ponerse la camiseta del Fort\u00edn.<\/p>\n<p style=\"text-align: justify;\">&#8220;No es f\u00e1cil. Ac\u00e1 el presidente y el t\u00e9cnico me quieren. Estoy muy contento de que V\u00e9lez me est\u00e9 buscando. Si fuera por m\u00ed ya hubiera ido&#8221;, se\u00f1al\u00f3 el volante del Palermo, que milita en la Serie B de Italia.<\/p>\n<p style=\"text-align: justify;\">V\u00e9lez dej\u00f3 ir la semana pasada a Federico Ins\u00faa \u00a0y el t\u00e9cnico Jos\u00e9 Flores pens\u00f3 en el enganche como su reemplazante. &#8220;Mi representante ya habl\u00f3 en el Palermo y le dijeron un no rotundo. M\u00e1s no se puede hacer. Habl\u00e9 con el t\u00e9cnico y le dije que era una oportunidad importante para m\u00ed, pero la respuesta fue siempre el no. No lo quiero dar por ca\u00eddo. Todav\u00eda quedan posibilidades&#8221;, culmin\u00f3 el mediocampista.<\/p>\n","protected":false},"excerpt":{"rendered":"<p>El ex volante de Belgrano, actualmente en el Palermo de Italia manifest\u00f3 sus ganas de volver a Argentina y jugar en el futbol local. En los \u00faltimos seis meses no fue tenido en cuenta por el club italiano pero para este a\u00f1o parece que s\u00ed. Ya fue contactado por V\u00e9lez. &#8220;Si fuera por m\u00ed ya [&hellip;]<\/p>\n","protected":false},"author":20,"featured_media":7525,"comment_status":"open","ping_status":"open","sticky":false,"template":"","format":"standard","meta":{"_seopress_robots_primary_cat":"","_seopress_titles_title":"","_seopress_titles_desc":"","_seopress_robots_index":"","footnotes":""},"categories":[16],"tags":[37,533,1802,948],"class_list":["post-7524","post","type-post","status-publish","format-standard","has-post-thumbnail","hentry","category-primera-division","tag-belgrano","tag-italia","tag-mudo-vazquez","tag-palermo"],"_links":{"self":[{"href":"https:\/\/www.cordobatimes.com\/deportes\/wp-json\/wp\/v2\/posts\/7524","targetHints":{"allow":["GET"]}}],"collection":[{"href":"https:\/\/www.cordobatimes.com\/deportes\/wp-json\/wp\/v2\/posts"}],"about":[{"href":"https:\/\/www.cordobatimes.com\/deportes\/wp-json\/wp\/v2\/types\/post"}],"author":[{"embeddable":true,"href":"https:\/\/www.cordobatimes.com\/deportes\/wp-json\/wp\/v2\/users\/20"}],"replies":[{"embeddable":true,"href":"https:\/\/www.cordobatimes.com\/deportes\/wp-json\/wp\/v2\/comments?post=7524"}],"version-history":[{"count":0,"href":"https:\/\/www.cordobatimes.com\/deportes\/wp-json\/wp\/v2\/posts\/7524\/revisions"}],"wp:featuredmedia":[{"embeddable":true,"href":"https:\/\/www.cordobatimes.com\/deportes\/wp-json\/wp\/v2\/media\/7525"}],"wp:attachment":[{"href":"https:\/\/www.cordobatimes.com\/deportes\/wp-json\/wp\/v2\/media?parent=7524"}],"wp:term":[{"taxonomy":"category","embeddable":true,"href":"https:\/\/www.cordobatimes.com\/deportes\/wp-json\/wp\/v2\/categories?post=7524"},{"taxonomy":"post_tag","embeddable":true,"href":"https:\/\/www.cordobatimes.com\/deportes\/wp-json\/wp\/v2\/tags?post=7524"}],"curies":[{"name":"wp","href":"https:\/\/api.w.org\/{rel}","templated":true}]}}