{"id":7515,"date":"2014-02-04T12:18:42","date_gmt":"2014-02-04T15:18:42","guid":{"rendered":"http:\/\/www.cordobatimes.com\/deportes\/?p=7515"},"modified":"2014-02-04T12:18:42","modified_gmt":"2014-02-04T15:18:42","slug":"tc-ponce-de-leon-decide-si-arranca-en-neuquen","status":"publish","type":"post","link":"https:\/\/www.cordobatimes.com\/deportes\/automovilismo\/2014\/02\/04\/tc-ponce-de-leon-decide-si-arranca-en-neuquen\/","title":{"rendered":"TC: Ponce de Le\u00f3n decide si arranca en Neuqu\u00e9n"},"content":{"rendered":"<h3><a href=\"http:\/\/www.cordobatimes.com\/deportes\/wp-content\/uploads\/2014\/02\/ponce.jpg\"><img loading=\"lazy\" decoding=\"async\" class=\"size-full wp-image-7516 aligncenter\" alt=\"ponce\" src=\"http:\/\/www.cordobatimes.com\/deportes\/wp-content\/uploads\/2014\/02\/ponce.jpg\" width=\"600\" height=\"360\" data-id=\"7516\" srcset=\"https:\/\/www.cordobatimes.com\/deportes\/wp-content\/uploads\/2014\/02\/ponce.jpg 600w, https:\/\/www.cordobatimes.com\/deportes\/wp-content\/uploads\/2014\/02\/ponce-300x180.jpg 300w\" sizes=\"auto, (max-width: 600px) 100vw, 600px\" \/><\/a><\/h3>\n<h3 style=\"text-align: justify;\"><\/h3>\n<h3 style=\"text-align: justify;\">El piloto de Jun\u00edn decidi\u00f3 adaptar el auto de su hermano de TCP, a la categor\u00eda mayor y hoy ser\u00e1 clave para confirmar si arranca la temporada 2014, este fin de semana en el Centenario.<\/h3>\n<p style=\"text-align: justify;\">\n<p style=\"text-align: justify;\">\u00a0Gabriel Ponce de Le\u00f3n apost\u00f3 al equipo familiar, y ya que su hermano Mariano contaba con auto propio con el que corri\u00f3 en TCP, decidieron que \u00a0en su \u00a0taller familiar, junto a su padre, lo \u00a0adaptar\u00edan para el TC.<\/p>\n<p style=\"text-align: justify;\">El trabajo fue incansable desde el d\u00eda s\u00e1bado en el que Gabriel anunci\u00f3 que se bajaba del equipo del &#8220;Gur\u00ed&#8221; Martinez por razones presupuestarias, all\u00ed \u00a0junto a su familia comenzaron a armar, lo que ser\u00eda, un nuevo proyecto.<\/p>\n<p style=\"text-align: justify;\">\u00a0Por tanto, en la jornada de hoy aprovechar\u00e1n las pruebas para analizar si el auto se adapta y puede llegar a ser competitivo, para incursionar este fin de semana en lo que es la primera fecha de Turismo Carretera en Neuqu\u00e9n.<\/p>\n<p style=\"text-align: justify;\">El coche, de ponerse en pista, contar\u00e1 con la asistencia de Mart\u00edn Constanzo en los motores y de su hermano Mariano Ponce de Le\u00f3n en chasis.<\/p>\n<p style=\"text-align: justify;\">\n<p style=\"text-align: justify;\"><strong>Por LauraRodriguez | Tw: @laurodriguez6<\/strong><\/p>\n<p>&nbsp;<\/p>\n","protected":false},"excerpt":{"rendered":"<p>El piloto de Jun\u00edn decidi\u00f3 adaptar el auto de su hermano de TCP, a la categor\u00eda mayor y hoy ser\u00e1 clave para confirmar si arranca la temporada 2014, este fin de semana en el Centenario. \u00a0Gabriel Ponce de Le\u00f3n apost\u00f3 al equipo familiar, y ya que su hermano Mariano contaba con auto propio con el [&hellip;]<\/p>\n","protected":false},"author":6,"featured_media":7516,"comment_status":"open","ping_status":"open","sticky":false,"template":"","format":"standard","meta":{"_seopress_robots_primary_cat":"","_seopress_titles_title":"","_seopress_titles_desc":"","_seopress_robots_index":"","footnotes":""},"categories":[1,9],"tags":[1769,5563,242],"class_list":["post-7515","post","type-post","status-publish","format-standard","has-post-thumbnail","hentry","category-automovilismo","category-tc","tag-gabriel-ponce-de-leon","tag-tc","tag-turismo-carretera"],"_links":{"self":[{"href":"https:\/\/www.cordobatimes.com\/deportes\/wp-json\/wp\/v2\/posts\/7515","targetHints":{"allow":["GET"]}}],"collection":[{"href":"https:\/\/www.cordobatimes.com\/deportes\/wp-json\/wp\/v2\/posts"}],"about":[{"href":"https:\/\/www.cordobatimes.com\/deportes\/wp-json\/wp\/v2\/types\/post"}],"author":[{"embeddable":true,"href":"https:\/\/www.cordobatimes.com\/deportes\/wp-json\/wp\/v2\/users\/6"}],"replies":[{"embeddable":true,"href":"https:\/\/www.cordobatimes.com\/deportes\/wp-json\/wp\/v2\/comments?post=7515"}],"version-history":[{"count":0,"href":"https:\/\/www.cordobatimes.com\/deportes\/wp-json\/wp\/v2\/posts\/7515\/revisions"}],"wp:featuredmedia":[{"embeddable":true,"href":"https:\/\/www.cordobatimes.com\/deportes\/wp-json\/wp\/v2\/media\/7516"}],"wp:attachment":[{"href":"https:\/\/www.cordobatimes.com\/deportes\/wp-json\/wp\/v2\/media?parent=7515"}],"wp:term":[{"taxonomy":"category","embeddable":true,"href":"https:\/\/www.cordobatimes.com\/deportes\/wp-json\/wp\/v2\/categories?post=7515"},{"taxonomy":"post_tag","embeddable":true,"href":"https:\/\/www.cordobatimes.com\/deportes\/wp-json\/wp\/v2\/tags?post=7515"}],"curies":[{"name":"wp","href":"https:\/\/api.w.org\/{rel}","templated":true}]}}