{"id":7362,"date":"2014-02-01T13:02:31","date_gmt":"2014-02-01T16:02:31","guid":{"rendered":"http:\/\/www.cordobatimes.com\/deportes\/?p=7362"},"modified":"2014-02-01T13:02:31","modified_gmt":"2014-02-01T16:02:31","slug":"uruguay-visitara-a-austria-en-marzo-y-se-despedira-frente-a-eslovenia","status":"publish","type":"post","link":"https:\/\/www.cordobatimes.com\/deportes\/futbol-internacional\/2014\/02\/01\/uruguay-visitara-a-austria-en-marzo-y-se-despedira-frente-a-eslovenia\/","title":{"rendered":"Uruguay visitar\u00e1 a Austria en marzo y se despedir\u00e1 frente a Eslovenia"},"content":{"rendered":"<h3 style=\"text-align: justify;\"><a href=\"http:\/\/www.cordobatimes.com\/deportes\/wp-content\/uploads\/2014\/02\/g_uru_300x300.jpg\"><img loading=\"lazy\" decoding=\"async\" class=\"aligncenter size-full wp-image-7363\" alt=\"g_uru_300x300\" src=\"http:\/\/www.cordobatimes.com\/deportes\/wp-content\/uploads\/2014\/02\/g_uru_300x300.jpg\" width=\"300\" height=\"300\" data-id=\"7363\" srcset=\"https:\/\/www.cordobatimes.com\/deportes\/wp-content\/uploads\/2014\/02\/g_uru_300x300.jpg 300w, https:\/\/www.cordobatimes.com\/deportes\/wp-content\/uploads\/2014\/02\/g_uru_300x300-270x270.jpg 270w, https:\/\/www.cordobatimes.com\/deportes\/wp-content\/uploads\/2014\/02\/g_uru_300x300-207x207.jpg 207w, https:\/\/www.cordobatimes.com\/deportes\/wp-content\/uploads\/2014\/02\/g_uru_300x300-75x75.jpg 75w\" sizes=\"auto, (max-width: 300px) 100vw, 300px\" \/><\/a><\/h3>\n<h3 style=\"text-align: justify;\">La selecci\u00f3n de f\u00fatbol de Uruguay visitar\u00e1 el 5 de marzo a la de Austria y se despedir\u00e1 de los aficionados uruguayos el 4 de junio frente a Eslovenia, antes de viajar a Brasil para participar en la Copa del Mundo, confirmaron hoy fuentes de la Asociaci\u00f3n Uruguaya.<\/h3>\n<p style=\"text-align: justify;\">\n<p style=\"text-align: justify;\">Los celestes, que en su gran mayor\u00eda juegan en equipos de Europa, visitar\u00e1n a los austr\u00edacos en la ciudad de Klagenfurt.<\/p>\n<p style=\"text-align: justify;\">Posteriormente, a partir del 18 de mayo la plantilla uruguaya comenzar\u00e1 la \u00faltima etapa de su preparaci\u00f3n para el Mundial a la \u00f3rdenes de Oscar Washington Tab\u00e1rez en Montevideo, donde el 30 de mayo jugar\u00e1 un partido de ensayo frente a un rival por definir.<\/p>\n<p style=\"text-align: justify;\">La despedida de la selecci\u00f3n uruguaya de sus seguidores ser\u00e1 el 4 de junio frente a Eslovenia y la partida para Brasil est\u00e1 prevista para el 9 de junio.<\/p>\n<p style=\"text-align: justify;\">Uruguay, cabeza del Grupo D, debutar\u00e1 el 14 de junio en la Copa del Mundo enfrentando a la selecci\u00f3n de Costa Rica en la ciudad de Fortaleza.<\/p>\n<p style=\"text-align: justify;\">El 19 de junio se medir\u00e1 con Inglaterra en Sao Paulo y el 24 de junio jugar\u00e1 frente a Italia en Natal.<\/p>\n","protected":false},"excerpt":{"rendered":"<p>La selecci\u00f3n de f\u00fatbol de Uruguay visitar\u00e1 el 5 de marzo a la de Austria y se despedir\u00e1 de los aficionados uruguayos el 4 de junio frente a Eslovenia, antes de viajar a Brasil para participar en la Copa del Mundo, confirmaron hoy fuentes de la Asociaci\u00f3n Uruguaya. Los celestes, que en su gran mayor\u00eda [&hellip;]<\/p>\n","protected":false},"author":1,"featured_media":7363,"comment_status":"open","ping_status":"open","sticky":false,"template":"","format":"standard","meta":{"_seopress_robots_primary_cat":"","_seopress_titles_title":"","_seopress_titles_desc":"","_seopress_robots_index":"","footnotes":""},"categories":[18,22],"tags":[1765,108,227,1764],"class_list":["post-7362","post","type-post","status-publish","format-standard","has-post-thumbnail","hentry","category-futbol-internacional","category-mundial-brasil-2014","tag-amistosos-internacionales","tag-fifa","tag-seleccion","tag-uruaguay"],"_links":{"self":[{"href":"https:\/\/www.cordobatimes.com\/deportes\/wp-json\/wp\/v2\/posts\/7362","targetHints":{"allow":["GET"]}}],"collection":[{"href":"https:\/\/www.cordobatimes.com\/deportes\/wp-json\/wp\/v2\/posts"}],"about":[{"href":"https:\/\/www.cordobatimes.com\/deportes\/wp-json\/wp\/v2\/types\/post"}],"author":[{"embeddable":true,"href":"https:\/\/www.cordobatimes.com\/deportes\/wp-json\/wp\/v2\/users\/1"}],"replies":[{"embeddable":true,"href":"https:\/\/www.cordobatimes.com\/deportes\/wp-json\/wp\/v2\/comments?post=7362"}],"version-history":[{"count":0,"href":"https:\/\/www.cordobatimes.com\/deportes\/wp-json\/wp\/v2\/posts\/7362\/revisions"}],"wp:featuredmedia":[{"embeddable":true,"href":"https:\/\/www.cordobatimes.com\/deportes\/wp-json\/wp\/v2\/media\/7363"}],"wp:attachment":[{"href":"https:\/\/www.cordobatimes.com\/deportes\/wp-json\/wp\/v2\/media?parent=7362"}],"wp:term":[{"taxonomy":"category","embeddable":true,"href":"https:\/\/www.cordobatimes.com\/deportes\/wp-json\/wp\/v2\/categories?post=7362"},{"taxonomy":"post_tag","embeddable":true,"href":"https:\/\/www.cordobatimes.com\/deportes\/wp-json\/wp\/v2\/tags?post=7362"}],"curies":[{"name":"wp","href":"https:\/\/api.w.org\/{rel}","templated":true}]}}