{"id":7231,"date":"2014-01-29T21:17:36","date_gmt":"2014-01-30T00:17:36","guid":{"rendered":"http:\/\/www.cordobatimes.com\/deportes\/?p=7231"},"modified":"2014-01-29T21:20:10","modified_gmt":"2014-01-30T00:20:10","slug":"gol-y-lesion-de-aguero-en-la-goleada-de-manchester-city","status":"publish","type":"post","link":"https:\/\/www.cordobatimes.com\/deportes\/futbol\/2014\/01\/29\/gol-y-lesion-de-aguero-en-la-goleada-de-manchester-city\/","title":{"rendered":"Gol y lesi\u00f3n de Ag\u00fcero en la goleada de Manchester City"},"content":{"rendered":"<h3 style=\"text-align: justify;\"><strong><a href=\"http:\/\/www.cordobatimes.com\/deportes\/wp-content\/uploads\/2014\/01\/Kun-Aguero.jpg\"><img loading=\"lazy\" decoding=\"async\" class=\"alignnone size-large wp-image-7232\" alt=\"Kun Aguero\" src=\"http:\/\/www.cordobatimes.com\/deportes\/wp-content\/uploads\/2014\/01\/Kun-Aguero-1024x681.jpg\" width=\"1024\" height=\"681\" data-id=\"7232\" srcset=\"https:\/\/www.cordobatimes.com\/deportes\/wp-content\/uploads\/2014\/01\/Kun-Aguero-1024x681.jpg 1024w, https:\/\/www.cordobatimes.com\/deportes\/wp-content\/uploads\/2014\/01\/Kun-Aguero-300x199.jpg 300w\" sizes=\"auto, (max-width: 1024px) 100vw, 1024px\" \/><\/a><\/strong><\/h3>\n<h3 style=\"text-align: justify;\"><strong>El Kun anot\u00f3 el primero del 5-1 sobre Tottenham. Luego se retir\u00f3 de la cancha por un problema en su pierna derecha y reci\u00e9n ma\u00f1ana se conocer\u00e1 la gravedad del inconveniente. Con estos tres puntos, los de Pellegrini son \u00fanicos l\u00edderes de la Premier League.<\/strong><\/h3>\n<p>&nbsp;<\/p>\n<p style=\"text-align: justify;\">A los 14` del primer tiempo, Sergio Ag\u00fcero volvi\u00f3 a anotarse en la red luego de su regreso a las canchas hace poco m\u00e1s de dos semanas. Cerca del cierre de la etapa, debi\u00f3 dejar la cancha por un &#8220;pinchazo&#8221; en la cara posterior de su pierna derecha. Seg\u00fan el DT del equipo ciudadano, el ex Independiente &#8220;tiene\u00a0un problema muscular en el tend\u00f3n de la corva&#8221;.<\/p>\n<p style=\"text-align: justify;\">La buena noticia para el conjunto de Manchester, que tambi\u00e9n tuvo en cancha a Zabaleta y Demichelis, fue el triunfo sobre Tottenham por 5-1. Adem\u00e1s del gol convertido por el delantero argentino, se anotaron en la red Yaya Toure (penal), Dzeko, Fernandinho y Kompany, mientras que Etienne hab\u00eda descontado transitoriamente para el local.<\/p>\n<p><iframe loading=\"lazy\" src=\"\/\/www.youtube.com\/embed\/ipamRZkSR9o\" height=\"315\" width=\"560\" allowfullscreen=\"\" frameborder=\"0\"><\/iframe><\/p>\n<p style=\"text-align: justify;\"><strong>Por Mart\u00edn Velasco | Tw: @tinkavelasco | martinvelasco@cordobatimes.com<\/strong><\/p>\n","protected":false},"excerpt":{"rendered":"<p>El Kun anot\u00f3 el primero del 5-1 sobre Tottenham. Luego se retir\u00f3 de la cancha por un problema en su pierna derecha y reci\u00e9n ma\u00f1ana se conocer\u00e1 la gravedad del inconveniente. Con estos tres puntos, los de Pellegrini son \u00fanicos l\u00edderes de la Premier League. &nbsp; A los 14` del primer tiempo, Sergio Ag\u00fcero volvi\u00f3 [&hellip;]<\/p>\n","protected":false},"author":2,"featured_media":7232,"comment_status":"open","ping_status":"open","sticky":false,"template":"","format":"standard","meta":{"_seopress_robots_primary_cat":"","_seopress_titles_title":"","_seopress_titles_desc":"","_seopress_robots_index":"","footnotes":""},"categories":[2],"tags":[176,194,368,153,268,489,80],"class_list":["post-7231","post","type-post","status-publish","format-standard","has-post-thumbnail","hentry","category-futbol","tag-aguero","tag-gol","tag-lesion","tag-manchester-city","tag-premier-league","tag-tottenham","tag-video"],"_links":{"self":[{"href":"https:\/\/www.cordobatimes.com\/deportes\/wp-json\/wp\/v2\/posts\/7231","targetHints":{"allow":["GET"]}}],"collection":[{"href":"https:\/\/www.cordobatimes.com\/deportes\/wp-json\/wp\/v2\/posts"}],"about":[{"href":"https:\/\/www.cordobatimes.com\/deportes\/wp-json\/wp\/v2\/types\/post"}],"author":[{"embeddable":true,"href":"https:\/\/www.cordobatimes.com\/deportes\/wp-json\/wp\/v2\/users\/2"}],"replies":[{"embeddable":true,"href":"https:\/\/www.cordobatimes.com\/deportes\/wp-json\/wp\/v2\/comments?post=7231"}],"version-history":[{"count":0,"href":"https:\/\/www.cordobatimes.com\/deportes\/wp-json\/wp\/v2\/posts\/7231\/revisions"}],"wp:featuredmedia":[{"embeddable":true,"href":"https:\/\/www.cordobatimes.com\/deportes\/wp-json\/wp\/v2\/media\/7232"}],"wp:attachment":[{"href":"https:\/\/www.cordobatimes.com\/deportes\/wp-json\/wp\/v2\/media?parent=7231"}],"wp:term":[{"taxonomy":"category","embeddable":true,"href":"https:\/\/www.cordobatimes.com\/deportes\/wp-json\/wp\/v2\/categories?post=7231"},{"taxonomy":"post_tag","embeddable":true,"href":"https:\/\/www.cordobatimes.com\/deportes\/wp-json\/wp\/v2\/tags?post=7231"}],"curies":[{"name":"wp","href":"https:\/\/api.w.org\/{rel}","templated":true}]}}