{"id":7101,"date":"2014-01-27T09:55:16","date_gmt":"2014-01-27T12:55:16","guid":{"rendered":"http:\/\/www.cordobatimes.com\/deportes\/?p=7101"},"modified":"2014-01-27T10:01:15","modified_gmt":"2014-01-27T13:01:15","slug":"increible-patada-a-gareth-bale","status":"publish","type":"post","link":"https:\/\/www.cordobatimes.com\/deportes\/futbol-internacional\/2014\/01\/27\/increible-patada-a-gareth-bale\/","title":{"rendered":"Increible patada a Gareth Bale"},"content":{"rendered":"<h3><a href=\"http:\/\/www.cordobatimes.com\/deportes\/wp-content\/uploads\/2014\/01\/gareth-bale-lesionado.jpg\"><img loading=\"lazy\" decoding=\"async\" class=\"size-full wp-image-7102 aligncenter\" alt=\"gareth bale lesionado\" src=\"http:\/\/www.cordobatimes.com\/deportes\/wp-content\/uploads\/2014\/01\/gareth-bale-lesionado.jpg\" width=\"580\" height=\"348\" data-id=\"7102\" srcset=\"https:\/\/www.cordobatimes.com\/deportes\/wp-content\/uploads\/2014\/01\/gareth-bale-lesionado.jpg 580w, https:\/\/www.cordobatimes.com\/deportes\/wp-content\/uploads\/2014\/01\/gareth-bale-lesionado-300x180.jpg 300w\" sizes=\"auto, (max-width: 580px) 100vw, 580px\" \/><\/a><\/h3>\n<h3><b>El delantero ingl\u00e9s recibi\u00f3 la patada m\u00e1s dolorosa. En el encuentro ante Granada, el jugador de Real Madrid recibi\u00f3 una dura infracci\u00f3n de Jeison Murillo, la cual lo dej\u00f3 dolorido durante varios minutos. Mir\u00e1 el video.<\/b><\/h3>\n<p>&nbsp;<\/p>\n<p><iframe loading=\"lazy\" src=\"\/\/www.youtube.com\/embed\/7E7Jy1ei1LQ\" height=\"315\" width=\"560\" allowfullscreen=\"\" frameborder=\"0\"><\/iframe><\/p>\n<p><strong>Por Franco Badano | @badano_fran<\/strong><\/p>\n","protected":false},"excerpt":{"rendered":"<p>El delantero ingl\u00e9s recibi\u00f3 la patada m\u00e1s dolorosa. En el encuentro ante Granada, el jugador de Real Madrid recibi\u00f3 una dura infracci\u00f3n de Jeison Murillo, la cual lo dej\u00f3 dolorido durante varios minutos. Mir\u00e1 el video. &nbsp; Por Franco Badano | @badano_fran<\/p>\n","protected":false},"author":20,"featured_media":7102,"comment_status":"open","ping_status":"open","sticky":false,"template":"","format":"standard","meta":{"_seopress_robots_primary_cat":"","_seopress_titles_title":"","_seopress_titles_desc":"","_seopress_robots_index":"","footnotes":""},"categories":[18],"tags":[1285,220,1694,70],"class_list":["post-7101","post","type-post","status-publish","format-standard","has-post-thumbnail","hentry","category-futbol-internacional","tag-gareth-bale","tag-granada","tag-patada-en-la-ingle","tag-real-madrid"],"_links":{"self":[{"href":"https:\/\/www.cordobatimes.com\/deportes\/wp-json\/wp\/v2\/posts\/7101","targetHints":{"allow":["GET"]}}],"collection":[{"href":"https:\/\/www.cordobatimes.com\/deportes\/wp-json\/wp\/v2\/posts"}],"about":[{"href":"https:\/\/www.cordobatimes.com\/deportes\/wp-json\/wp\/v2\/types\/post"}],"author":[{"embeddable":true,"href":"https:\/\/www.cordobatimes.com\/deportes\/wp-json\/wp\/v2\/users\/20"}],"replies":[{"embeddable":true,"href":"https:\/\/www.cordobatimes.com\/deportes\/wp-json\/wp\/v2\/comments?post=7101"}],"version-history":[{"count":0,"href":"https:\/\/www.cordobatimes.com\/deportes\/wp-json\/wp\/v2\/posts\/7101\/revisions"}],"wp:featuredmedia":[{"embeddable":true,"href":"https:\/\/www.cordobatimes.com\/deportes\/wp-json\/wp\/v2\/media\/7102"}],"wp:attachment":[{"href":"https:\/\/www.cordobatimes.com\/deportes\/wp-json\/wp\/v2\/media?parent=7101"}],"wp:term":[{"taxonomy":"category","embeddable":true,"href":"https:\/\/www.cordobatimes.com\/deportes\/wp-json\/wp\/v2\/categories?post=7101"},{"taxonomy":"post_tag","embeddable":true,"href":"https:\/\/www.cordobatimes.com\/deportes\/wp-json\/wp\/v2\/tags?post=7101"}],"curies":[{"name":"wp","href":"https:\/\/api.w.org\/{rel}","templated":true}]}}