{"id":7053,"date":"2014-01-26T18:46:44","date_gmt":"2014-01-26T21:46:44","guid":{"rendered":"http:\/\/www.cordobatimes.com\/deportes\/?p=7053"},"modified":"2014-01-26T18:46:44","modified_gmt":"2014-01-26T21:46:44","slug":"funes-mori-fallo-un-penal-en-portugal-video","status":"publish","type":"post","link":"https:\/\/www.cordobatimes.com\/deportes\/futbol\/2014\/01\/26\/funes-mori-fallo-un-penal-en-portugal-video\/","title":{"rendered":"Funes Mori fall\u00f3 un penal en Portugal (Video)"},"content":{"rendered":"<h3><strong><a href=\"http:\/\/www.cordobatimes.com\/deportes\/wp-content\/uploads\/2014\/01\/Funes-Mori.jpg\"><img loading=\"lazy\" decoding=\"async\" class=\"alignnone  wp-image-7056\" alt=\"Funes Mori\" src=\"http:\/\/www.cordobatimes.com\/deportes\/wp-content\/uploads\/2014\/01\/Funes-Mori.jpg\" width=\"650\" height=\"468\" data-id=\"7056\" \/><\/a><\/strong><\/h3>\n<h3><strong>El ex delantero de River tuvo la posibilidad de anotar desde los doce pasos, pero su remate fue atajado por el arquero del Gil Vicente. Para su fortuna, las \u00c1guilas terminaron ganando 1-0.<\/strong><\/h3>\n<p>&nbsp;<\/p>\n<p>El conjunto lusitano\u00a0disputaba la tercera fecha del\u00a0Grupo D, de la Copa de la Liga de su pa\u00eds, cuando el \u00e1rbitro del cotejo marc\u00f3 penal. Se hizo cargo Rogelio Funes Mori, que no logr\u00f3 superar el karma que ten\u00eda en la pena m\u00e1xima durante su estad\u00eda en el Millonario y su tiro termin\u00f3 siendo contenido por el golero visitante.<\/p>\n<p>En el complemento,\u00a0Miralem Sulejmani estamp\u00f3 la victoria 1-0 de los de Lisboa, salvando al Mellizo de quedar &#8220;condenado&#8221; ante su p\u00fablico.<\/p>\n<p><iframe loading=\"lazy\" src=\"\/\/www.youtube.com\/embed\/eAUeG34zv4A\" height=\"315\" width=\"560\" allowfullscreen=\"\" frameborder=\"0\"><\/iframe><\/p>\n<p><strong>Por Mart\u00edn Velasco | Tw: @tinkavelasco | martinvelasco@cordobatimes.com<\/strong><\/p>\n","protected":false},"excerpt":{"rendered":"<p>El ex delantero de River tuvo la posibilidad de anotar desde los doce pasos, pero su remate fue atajado por el arquero del Gil Vicente. Para su fortuna, las \u00c1guilas terminaron ganando 1-0. &nbsp; El conjunto lusitano\u00a0disputaba la tercera fecha del\u00a0Grupo D, de la Copa de la Liga de su pa\u00eds, cuando el \u00e1rbitro del [&hellip;]<\/p>\n","protected":false},"author":2,"featured_media":7056,"comment_status":"open","ping_status":"open","sticky":false,"template":"","format":"standard","meta":{"_seopress_robots_primary_cat":"","_seopress_titles_title":"","_seopress_titles_desc":"","_seopress_robots_index":"","footnotes":""},"categories":[2,18],"tags":[1419,1692,588],"class_list":["post-7053","post","type-post","status-publish","format-standard","has-post-thumbnail","hentry","category-futbol","category-futbol-internacional","tag-benfica","tag-funes-mori","tag-portugal"],"_links":{"self":[{"href":"https:\/\/www.cordobatimes.com\/deportes\/wp-json\/wp\/v2\/posts\/7053","targetHints":{"allow":["GET"]}}],"collection":[{"href":"https:\/\/www.cordobatimes.com\/deportes\/wp-json\/wp\/v2\/posts"}],"about":[{"href":"https:\/\/www.cordobatimes.com\/deportes\/wp-json\/wp\/v2\/types\/post"}],"author":[{"embeddable":true,"href":"https:\/\/www.cordobatimes.com\/deportes\/wp-json\/wp\/v2\/users\/2"}],"replies":[{"embeddable":true,"href":"https:\/\/www.cordobatimes.com\/deportes\/wp-json\/wp\/v2\/comments?post=7053"}],"version-history":[{"count":0,"href":"https:\/\/www.cordobatimes.com\/deportes\/wp-json\/wp\/v2\/posts\/7053\/revisions"}],"wp:featuredmedia":[{"embeddable":true,"href":"https:\/\/www.cordobatimes.com\/deportes\/wp-json\/wp\/v2\/media\/7056"}],"wp:attachment":[{"href":"https:\/\/www.cordobatimes.com\/deportes\/wp-json\/wp\/v2\/media?parent=7053"}],"wp:term":[{"taxonomy":"category","embeddable":true,"href":"https:\/\/www.cordobatimes.com\/deportes\/wp-json\/wp\/v2\/categories?post=7053"},{"taxonomy":"post_tag","embeddable":true,"href":"https:\/\/www.cordobatimes.com\/deportes\/wp-json\/wp\/v2\/tags?post=7053"}],"curies":[{"name":"wp","href":"https:\/\/api.w.org\/{rel}","templated":true}]}}