{"id":6922,"date":"2014-01-24T12:22:19","date_gmt":"2014-01-24T15:22:19","guid":{"rendered":"http:\/\/www.cordobatimes.com\/deportes\/?p=6922"},"modified":"2014-01-24T12:22:19","modified_gmt":"2014-01-24T15:22:19","slug":"quienes-son-las-grandes-figuras-que-estaran-fuera-del-mundial","status":"publish","type":"post","link":"https:\/\/www.cordobatimes.com\/deportes\/mundial-brasil-2014\/2014\/01\/24\/quienes-son-las-grandes-figuras-que-estaran-fuera-del-mundial\/","title":{"rendered":"\u00bfQui\u00e9nes son las grandes figuras que estar\u00e1n fuera del Mundial?"},"content":{"rendered":"<h3 style=\"text-align: justify;\"><a href=\"http:\/\/www.cordobatimes.com\/deportes\/wp-content\/uploads\/2014\/01\/ibrahimovic1.jpg\"><img loading=\"lazy\" decoding=\"async\" class=\"size-full wp-image-6923 aligncenter\" alt=\"ibrahimovic\" src=\"http:\/\/www.cordobatimes.com\/deportes\/wp-content\/uploads\/2014\/01\/ibrahimovic1.jpg\" width=\"580\" height=\"300\" data-id=\"6923\" srcset=\"https:\/\/www.cordobatimes.com\/deportes\/wp-content\/uploads\/2014\/01\/ibrahimovic1.jpg 580w, https:\/\/www.cordobatimes.com\/deportes\/wp-content\/uploads\/2014\/01\/ibrahimovic1-300x155.jpg 300w\" sizes=\"auto, (max-width: 580px) 100vw, 580px\" \/><\/a><\/h3>\n<h3 style=\"text-align: justify;\"><b>Zlatan Ibrahimovic, Robert Lewandowski y Gareth Bale encabezan la lista de figuras que no estar\u00e1n en la Copa del Mundo porque sus pa\u00edses no pudieron clasificarse.<\/b><\/h3>\n<p style=\"text-align: justify;\">\n<p style=\"text-align: justify;\">\n<p style=\"text-align: justify;\">Por el lado de Zlatan Ibrahimovic, el sueco tiene 32 a\u00f1os y tal vez no tenga la posibilidad de otra cita mundialista. Lleg\u00f3 a octavos de final en Corea-Jap\u00f3n 2002 y Alemania 2006, pero en el auge de su carrera su pa\u00eds no logr\u00f3 acceder a Sud\u00e1frica 2010 ni tampoco a Brasil., tras un repechaje perdido ante el Portugal de Cristiano Ronaldo.<\/p>\n<p style=\"text-align: justify;\">La otra gran ausencia es la del gal\u00e9s Gareth Bale. A mitad de 2013 pas\u00f3 de Tottenham a Real Madrid en 100 millones de euros en el pase m\u00e1s caro de la historia. Bale tiene 24 a\u00f1os y su caso presenta una diferencia con Zlatan: si bien le quedan muchos a\u00f1os para luchar por estar en un Mundial, tal vez nunca lo logre, ya que Gales es una selecci\u00f3n muy d\u00e9bil, tanto que s\u00f3lo jug\u00f3 en Suecia en 1958.<\/p>\n<p style=\"text-align: justify;\">Robert Lewandowski , el goleador del Borussia Dortmund alem\u00e1n, ser\u00e1 otra de las ausencias a lamentar. Es uno de los mejores delanteros de la actualidad, pero su Polonia no tiene fuerza como selecci\u00f3n.<\/p>\n<p style=\"text-align: justify;\">Arda Tur\u00e1n, figura estelar del Atl\u00e9tico de Madrid de Diego Simeone, ser\u00e1 otro de los que no podr\u00e1n estar en Brasil.\u00a0 Su Turqu\u00eda no alcanz\u00f3 la clasificaci\u00f3n al caer ante Holanda en la \u00faltima fecha y ni siquiera entr\u00f3 en el repechaje.<\/p>\n<p style=\"text-align: justify;\">Y para hablar a nivel sudamericano, Per\u00fa tiene dos atacantes de la elite internacional: Claudio Pizarro (Bayern M\u00fanich) y Jefferson Farf\u00e1n (Schalke 04). Tienen 35 y 29 a\u00f1os, respectivamente. Nunca jugaron un Mundial, ya que Per\u00fa puso \u00faltima vez un equipo en una Copa en Espa\u00f1a 82.<\/p>\n<p style=\"text-align: justify;\"><strong>Por Franco Badano | @badano_fran<\/strong><\/p>\n","protected":false},"excerpt":{"rendered":"<p>Zlatan Ibrahimovic, Robert Lewandowski y Gareth Bale encabezan la lista de figuras que no estar\u00e1n en la Copa del Mundo porque sus pa\u00edses no pudieron clasificarse. Por el lado de Zlatan Ibrahimovic, el sueco tiene 32 a\u00f1os y tal vez no tenga la posibilidad de otra cita mundialista. Lleg\u00f3 a octavos de final en Corea-Jap\u00f3n [&hellip;]<\/p>\n","protected":false},"author":20,"featured_media":6923,"comment_status":"open","ping_status":"open","sticky":false,"template":"","format":"standard","meta":{"_seopress_robots_primary_cat":"","_seopress_titles_title":"","_seopress_titles_desc":"","_seopress_robots_index":"","footnotes":""},"categories":[22],"tags":[1664,1285,262,1663],"class_list":["post-6922","post","type-post","status-publish","format-standard","has-post-thumbnail","hentry","category-mundial-brasil-2014","tag-ausentes","tag-gareth-bale","tag-ibrahimovic","tag-muncial-brasil-2014"],"_links":{"self":[{"href":"https:\/\/www.cordobatimes.com\/deportes\/wp-json\/wp\/v2\/posts\/6922","targetHints":{"allow":["GET"]}}],"collection":[{"href":"https:\/\/www.cordobatimes.com\/deportes\/wp-json\/wp\/v2\/posts"}],"about":[{"href":"https:\/\/www.cordobatimes.com\/deportes\/wp-json\/wp\/v2\/types\/post"}],"author":[{"embeddable":true,"href":"https:\/\/www.cordobatimes.com\/deportes\/wp-json\/wp\/v2\/users\/20"}],"replies":[{"embeddable":true,"href":"https:\/\/www.cordobatimes.com\/deportes\/wp-json\/wp\/v2\/comments?post=6922"}],"version-history":[{"count":0,"href":"https:\/\/www.cordobatimes.com\/deportes\/wp-json\/wp\/v2\/posts\/6922\/revisions"}],"wp:featuredmedia":[{"embeddable":true,"href":"https:\/\/www.cordobatimes.com\/deportes\/wp-json\/wp\/v2\/media\/6923"}],"wp:attachment":[{"href":"https:\/\/www.cordobatimes.com\/deportes\/wp-json\/wp\/v2\/media?parent=6922"}],"wp:term":[{"taxonomy":"category","embeddable":true,"href":"https:\/\/www.cordobatimes.com\/deportes\/wp-json\/wp\/v2\/categories?post=6922"},{"taxonomy":"post_tag","embeddable":true,"href":"https:\/\/www.cordobatimes.com\/deportes\/wp-json\/wp\/v2\/tags?post=6922"}],"curies":[{"name":"wp","href":"https:\/\/api.w.org\/{rel}","templated":true}]}}