{"id":6918,"date":"2014-01-24T10:47:18","date_gmt":"2014-01-24T13:47:18","guid":{"rendered":"http:\/\/www.cordobatimes.com\/deportes\/?p=6918"},"modified":"2014-01-24T10:47:18","modified_gmt":"2014-01-24T13:47:18","slug":"renuncio-el-presidente-del-barcelona","status":"publish","type":"post","link":"https:\/\/www.cordobatimes.com\/deportes\/futbol-internacional\/2014\/01\/24\/renuncio-el-presidente-del-barcelona\/","title":{"rendered":"Renunci\u00f3 el presidente del Barcelona"},"content":{"rendered":"<h3 style=\"text-align: justify;\"><a href=\"http:\/\/www.cordobatimes.com\/deportes\/wp-content\/uploads\/2014\/01\/rosell.jpeg\"><img loading=\"lazy\" decoding=\"async\" class=\"size-full wp-image-6919 aligncenter\" alt=\"rosell\" src=\"http:\/\/www.cordobatimes.com\/deportes\/wp-content\/uploads\/2014\/01\/rosell.jpeg\" width=\"640\" height=\"360\" data-id=\"6919\" srcset=\"https:\/\/www.cordobatimes.com\/deportes\/wp-content\/uploads\/2014\/01\/rosell.jpeg 640w, https:\/\/www.cordobatimes.com\/deportes\/wp-content\/uploads\/2014\/01\/rosell-300x168.jpeg 300w\" sizes=\"auto, (max-width: 640px) 100vw, 640px\" \/><\/a><\/h3>\n<h3 style=\"text-align: justify;\"><b>Sandro Rosell ratific\u00f3 que deja su cargo ante las denuncias de irregularidades en el pase del jugador brasile\u00f1o Neymar.<\/b><\/h3>\n<p style=\"text-align: justify;\">\n<p style=\"text-align: justify;\">\n<p style=\"text-align: justify;\">El presidente del club catal\u00e1n dej\u00f3 su cargo por las denuncias vertidas en la contrataci\u00f3n del futbolista brasile\u00f1o Neymar. Rosell se hab\u00eda reunido m\u00e1s temprano con sus directivos m\u00e1s afines y por la tarde, en una sesi\u00f3n extraordinaria, present\u00f3 su renuncia ante la Junta Directiva.<\/p>\n<p style=\"text-align: justify;\">El diario &#8220;La Vanguardia&#8221; hab\u00eda asegurado en su edici\u00f3n impresa que el ya ex dirigente estaba meditando renunciar a su cargo despu\u00e9s de que el mi\u00e9rcoles la justicia admitiera a tr\u00e1mite una querella contra \u00e9l por supuesta apropiaci\u00f3n indebida en el fichaje de Neymar.<\/p>\n<p style=\"text-align: justify;\">Por este motivo, Rosell reuni\u00f3 con car\u00e1cter de urgencia a los vicepresidentes Josep Mar\u00eda Bartomeu y Javier Faus, adem\u00e1s del director general Antoni Rossich y otros ejecutivos de su confianza. Justamente Bartomeu ser\u00e1 su sucesor.<\/p>\n<p style=\"text-align: justify;\">El presidente ten\u00eda mandato hasta el a\u00f1o 2016, pero la denuncia presentada por un socio por el millonario pase de Neymar \u00a0lo oblig\u00f3 a dejar su cargo antes de tiempo.<\/p>\n<p style=\"text-align: justify;\"><strong>Por Franco Badano | @badano_fran<\/strong><\/p>\n","protected":false},"excerpt":{"rendered":"<p>Sandro Rosell ratific\u00f3 que deja su cargo ante las denuncias de irregularidades en el pase del jugador brasile\u00f1o Neymar. El presidente del club catal\u00e1n dej\u00f3 su cargo por las denuncias vertidas en la contrataci\u00f3n del futbolista brasile\u00f1o Neymar. Rosell se hab\u00eda reunido m\u00e1s temprano con sus directivos m\u00e1s afines y por la tarde, en una [&hellip;]<\/p>\n","protected":false},"author":20,"featured_media":6919,"comment_status":"open","ping_status":"open","sticky":false,"template":"","format":"standard","meta":{"_seopress_robots_primary_cat":"","_seopress_titles_title":"","_seopress_titles_desc":"","_seopress_robots_index":"","footnotes":""},"categories":[18],"tags":[67,244,1662,1661],"class_list":["post-6918","post","type-post","status-publish","format-standard","has-post-thumbnail","hentry","category-futbol-internacional","tag-barcelona","tag-neymar","tag-renuncio-el-presidente","tag-rosell"],"_links":{"self":[{"href":"https:\/\/www.cordobatimes.com\/deportes\/wp-json\/wp\/v2\/posts\/6918","targetHints":{"allow":["GET"]}}],"collection":[{"href":"https:\/\/www.cordobatimes.com\/deportes\/wp-json\/wp\/v2\/posts"}],"about":[{"href":"https:\/\/www.cordobatimes.com\/deportes\/wp-json\/wp\/v2\/types\/post"}],"author":[{"embeddable":true,"href":"https:\/\/www.cordobatimes.com\/deportes\/wp-json\/wp\/v2\/users\/20"}],"replies":[{"embeddable":true,"href":"https:\/\/www.cordobatimes.com\/deportes\/wp-json\/wp\/v2\/comments?post=6918"}],"version-history":[{"count":0,"href":"https:\/\/www.cordobatimes.com\/deportes\/wp-json\/wp\/v2\/posts\/6918\/revisions"}],"wp:featuredmedia":[{"embeddable":true,"href":"https:\/\/www.cordobatimes.com\/deportes\/wp-json\/wp\/v2\/media\/6919"}],"wp:attachment":[{"href":"https:\/\/www.cordobatimes.com\/deportes\/wp-json\/wp\/v2\/media?parent=6918"}],"wp:term":[{"taxonomy":"category","embeddable":true,"href":"https:\/\/www.cordobatimes.com\/deportes\/wp-json\/wp\/v2\/categories?post=6918"},{"taxonomy":"post_tag","embeddable":true,"href":"https:\/\/www.cordobatimes.com\/deportes\/wp-json\/wp\/v2\/tags?post=6918"}],"curies":[{"name":"wp","href":"https:\/\/api.w.org\/{rel}","templated":true}]}}