{"id":6910,"date":"2014-01-24T09:47:55","date_gmt":"2014-01-24T12:47:55","guid":{"rendered":"http:\/\/www.cordobatimes.com\/deportes\/?p=6910"},"modified":"2014-01-24T09:48:26","modified_gmt":"2014-01-24T12:48:26","slug":"la-abuela-de-falcao-pide-rezar-por-la-recuperacion-de-su-nieto","status":"publish","type":"post","link":"https:\/\/www.cordobatimes.com\/deportes\/futbol-internacional\/2014\/01\/24\/la-abuela-de-falcao-pide-rezar-por-la-recuperacion-de-su-nieto\/","title":{"rendered":"La abuela de Falcao pide rezar por la recuperaci\u00f3n de su nieto"},"content":{"rendered":"<h3 style=\"text-align: justify;\"><a href=\"http:\/\/www.cordobatimes.com\/deportes\/wp-content\/uploads\/2014\/01\/falcao-colombia.jpg\"><img loading=\"lazy\" decoding=\"async\" class=\"size-full wp-image-6911 aligncenter\" alt=\"falcao colombia\" src=\"http:\/\/www.cordobatimes.com\/deportes\/wp-content\/uploads\/2014\/01\/falcao-colombia.jpg\" width=\"619\" height=\"464\" data-id=\"6911\" srcset=\"https:\/\/www.cordobatimes.com\/deportes\/wp-content\/uploads\/2014\/01\/falcao-colombia.jpg 619w, https:\/\/www.cordobatimes.com\/deportes\/wp-content\/uploads\/2014\/01\/falcao-colombia-300x224.jpg 300w\" sizes=\"auto, (max-width: 619px) 100vw, 619px\" \/><\/a><\/h3>\n<h3 style=\"text-align: justify;\"><b>Denis King de Garc\u00eda, la abuela del delantero colombiano, habl\u00f3 con la prensa de su pa\u00eds. &#8220;Pude hablar con mi hijo Radamel (el padre lleva el mismo nombre) y me dijo que \u00e9l estaba tranquilo&#8221;, cont\u00f3 en di\u00e1logo con la cadena Caracol. La noticia de una lesi\u00f3n que lo podr\u00eda dejar sin la Copa del Mundo golpe\u00f3 al futbolista y sacudi\u00f3 a su familia y a un pa\u00eds entero. En un mensaje sentido, la mujer pide oraciones por la salud de su nieto. Tambi\u00e9n habl\u00f3 con el canal NTN24 y transmiti\u00f3 un mensaje de fortaleza y pronta recuperaci\u00f3n.\u00a0<\/b><\/h3>\n<p>&nbsp;<\/p>\n<p><iframe loading=\"lazy\" src=\"\/\/www.youtube.com\/embed\/MI0AT5iyGKs\" height=\"315\" width=\"420\" allowfullscreen=\"\" frameborder=\"0\"><\/iframe><br \/>\n<iframe loading=\"lazy\" src=\"\/\/www.youtube.com\/embed\/ovcdaTcMZxc\" height=\"315\" width=\"560\" allowfullscreen=\"\" frameborder=\"0\"><\/iframe><\/p>\n","protected":false},"excerpt":{"rendered":"<p>Denis King de Garc\u00eda, la abuela del delantero colombiano, habl\u00f3 con la prensa de su pa\u00eds. &#8220;Pude hablar con mi hijo Radamel (el padre lleva el mismo nombre) y me dijo que \u00e9l estaba tranquilo&#8221;, cont\u00f3 en di\u00e1logo con la cadena Caracol. La noticia de una lesi\u00f3n que lo podr\u00eda dejar sin la Copa del [&hellip;]<\/p>\n","protected":false},"author":20,"featured_media":6911,"comment_status":"open","ping_status":"open","sticky":false,"template":"","format":"standard","meta":{"_seopress_robots_primary_cat":"","_seopress_titles_title":"","_seopress_titles_desc":"","_seopress_robots_index":"","footnotes":""},"categories":[18],"tags":[462,368,1660],"class_list":["post-6910","post","type-post","status-publish","format-standard","has-post-thumbnail","hentry","category-futbol-internacional","tag-colombia","tag-lesion","tag-radamel-falcao-garcia"],"_links":{"self":[{"href":"https:\/\/www.cordobatimes.com\/deportes\/wp-json\/wp\/v2\/posts\/6910","targetHints":{"allow":["GET"]}}],"collection":[{"href":"https:\/\/www.cordobatimes.com\/deportes\/wp-json\/wp\/v2\/posts"}],"about":[{"href":"https:\/\/www.cordobatimes.com\/deportes\/wp-json\/wp\/v2\/types\/post"}],"author":[{"embeddable":true,"href":"https:\/\/www.cordobatimes.com\/deportes\/wp-json\/wp\/v2\/users\/20"}],"replies":[{"embeddable":true,"href":"https:\/\/www.cordobatimes.com\/deportes\/wp-json\/wp\/v2\/comments?post=6910"}],"version-history":[{"count":0,"href":"https:\/\/www.cordobatimes.com\/deportes\/wp-json\/wp\/v2\/posts\/6910\/revisions"}],"wp:featuredmedia":[{"embeddable":true,"href":"https:\/\/www.cordobatimes.com\/deportes\/wp-json\/wp\/v2\/media\/6911"}],"wp:attachment":[{"href":"https:\/\/www.cordobatimes.com\/deportes\/wp-json\/wp\/v2\/media?parent=6910"}],"wp:term":[{"taxonomy":"category","embeddable":true,"href":"https:\/\/www.cordobatimes.com\/deportes\/wp-json\/wp\/v2\/categories?post=6910"},{"taxonomy":"post_tag","embeddable":true,"href":"https:\/\/www.cordobatimes.com\/deportes\/wp-json\/wp\/v2\/tags?post=6910"}],"curies":[{"name":"wp","href":"https:\/\/api.w.org\/{rel}","templated":true}]}}