{"id":6774,"date":"2014-01-21T17:18:25","date_gmt":"2014-01-21T20:18:25","guid":{"rendered":"http:\/\/www.cordobatimes.com\/deportes\/?p=6774"},"modified":"2014-01-21T17:18:25","modified_gmt":"2014-01-21T20:18:25","slug":"la-familia-de-schumacher-y-su-emotivo-comunicado","status":"publish","type":"post","link":"https:\/\/www.cordobatimes.com\/deportes\/automovilismo\/2014\/01\/21\/la-familia-de-schumacher-y-su-emotivo-comunicado\/","title":{"rendered":"La familia de Schumacher y su emotivo comunicado"},"content":{"rendered":"<h3 style=\"text-align: justify;\"><a href=\"http:\/\/www.cordobatimes.com\/deportes\/wp-content\/uploads\/2014\/01\/corinnaschumacher.jpg\"><img loading=\"lazy\" decoding=\"async\" class=\"alignnone size-full wp-image-6775\" alt=\"corinnaschumacher\" src=\"http:\/\/www.cordobatimes.com\/deportes\/wp-content\/uploads\/2014\/01\/corinnaschumacher.jpg\" width=\"900\" height=\"550\" data-id=\"6775\" srcset=\"https:\/\/www.cordobatimes.com\/deportes\/wp-content\/uploads\/2014\/01\/corinnaschumacher.jpg 900w, https:\/\/www.cordobatimes.com\/deportes\/wp-content\/uploads\/2014\/01\/corinnaschumacher-300x183.jpg 300w\" sizes=\"auto, (max-width: 900px) 100vw, 900px\" \/><\/a><\/h3>\n<h3 style=\"text-align: justify;\">Mediante el sitio web oficial del siete veces campe\u00f3n de F\u00f3rmula Uno, la familia Schumacher comparti\u00f3 un \u00a0comunicado agradeciendo el apoyo de los fans.<\/h3>\n<p style=\"text-align: justify;\">\n<p style=\"text-align: justify;\">En el mismo no se mencionan detalles sobre el parte medico del alem\u00e1n, \u00a0s\u00f3lo se han dedicado a agradecer \u00a0el apoyo que reciben desde aquel 29 de diciembre pasado donde el ex piloto se encuentra en estado de coma.<\/p>\n<p style=\"text-align: justify;\">El comunicado comienza de la siguiente manera:\u00a0<em>Noticia de la familia \/ Mensaje de la familia de Michael\u00a0<\/em><\/p>\n<p style=\"text-align: justify;\">Gracias a todos!<br \/>\nGracias a todos por tanto!<br \/>\nEstamos profundamente conmovidos por el hecho de que los buenos deseos para Michael de todo el mundo a\u00fan no se rompa. Esto nos da fuerza. Gracias a todos! Muchas gracias no s\u00f3lo a los Fans de Kerpen, 1 FC K\u00f6ln y el Schalke 04, sino tambi\u00e9n a todas las otras personas y a \u00a0los grupos de aficionados que nos apoyan y a Michael. Todos sabemos que \u00e9l es un luchador y no vamos a renunciar!.<\/p>\n<p style=\"text-align: justify;\">\n<p style=\"text-align: justify;\"><strong>Por Maria Laura Rodriguez\u00a0| Tw: @laurodriguez6<\/strong><\/p>\n","protected":false},"excerpt":{"rendered":"<p>Mediante el sitio web oficial del siete veces campe\u00f3n de F\u00f3rmula Uno, la familia Schumacher comparti\u00f3 un \u00a0comunicado agradeciendo el apoyo de los fans. En el mismo no se mencionan detalles sobre el parte medico del alem\u00e1n, \u00a0s\u00f3lo se han dedicado a agradecer \u00a0el apoyo que reciben desde aquel 29 de diciembre pasado donde el [&hellip;]<\/p>\n","protected":false},"author":6,"featured_media":6775,"comment_status":"open","ping_status":"open","sticky":false,"template":"","format":"standard","meta":{"_seopress_robots_primary_cat":"","_seopress_titles_title":"","_seopress_titles_desc":"","_seopress_robots_index":"","footnotes":""},"categories":[1],"tags":[1349,1635,1348,1338],"class_list":["post-6774","post","type-post","status-publish","format-standard","has-post-thumbnail","hentry","category-automovilismo","tag-accidente-schumacher","tag-fuerza-schumi","tag-michael-schumacher","tag-schumacher"],"_links":{"self":[{"href":"https:\/\/www.cordobatimes.com\/deportes\/wp-json\/wp\/v2\/posts\/6774","targetHints":{"allow":["GET"]}}],"collection":[{"href":"https:\/\/www.cordobatimes.com\/deportes\/wp-json\/wp\/v2\/posts"}],"about":[{"href":"https:\/\/www.cordobatimes.com\/deportes\/wp-json\/wp\/v2\/types\/post"}],"author":[{"embeddable":true,"href":"https:\/\/www.cordobatimes.com\/deportes\/wp-json\/wp\/v2\/users\/6"}],"replies":[{"embeddable":true,"href":"https:\/\/www.cordobatimes.com\/deportes\/wp-json\/wp\/v2\/comments?post=6774"}],"version-history":[{"count":0,"href":"https:\/\/www.cordobatimes.com\/deportes\/wp-json\/wp\/v2\/posts\/6774\/revisions"}],"wp:featuredmedia":[{"embeddable":true,"href":"https:\/\/www.cordobatimes.com\/deportes\/wp-json\/wp\/v2\/media\/6775"}],"wp:attachment":[{"href":"https:\/\/www.cordobatimes.com\/deportes\/wp-json\/wp\/v2\/media?parent=6774"}],"wp:term":[{"taxonomy":"category","embeddable":true,"href":"https:\/\/www.cordobatimes.com\/deportes\/wp-json\/wp\/v2\/categories?post=6774"},{"taxonomy":"post_tag","embeddable":true,"href":"https:\/\/www.cordobatimes.com\/deportes\/wp-json\/wp\/v2\/tags?post=6774"}],"curies":[{"name":"wp","href":"https:\/\/api.w.org\/{rel}","templated":true}]}}