{"id":6656,"date":"2014-01-19T18:23:11","date_gmt":"2014-01-19T21:23:11","guid":{"rendered":"http:\/\/www.cordobatimes.com\/deportes\/?p=6656"},"modified":"2014-01-20T11:55:59","modified_gmt":"2014-01-20T14:55:59","slug":"despertarlo-podria-traer-muchas-complicaciones","status":"publish","type":"post","link":"https:\/\/www.cordobatimes.com\/deportes\/automovilismo\/2014\/01\/19\/despertarlo-podria-traer-muchas-complicaciones\/","title":{"rendered":"Despertarlo podr\u00eda &#8220;traer muchas complicaciones&#8221;"},"content":{"rendered":"<p style=\"text-align: justify;\"><a href=\"http:\/\/www.cordobatimes.com\/deportes\/wp-content\/uploads\/2014\/01\/schumi2.jpg\"><img loading=\"lazy\" decoding=\"async\" class=\"alignnone size-full wp-image-6657\" alt=\"schumi\" src=\"http:\/\/www.cordobatimes.com\/deportes\/wp-content\/uploads\/2014\/01\/schumi2.jpg\" width=\"650\" height=\"406\" data-id=\"6657\" srcset=\"https:\/\/www.cordobatimes.com\/deportes\/wp-content\/uploads\/2014\/01\/schumi2.jpg 650w, https:\/\/www.cordobatimes.com\/deportes\/wp-content\/uploads\/2014\/01\/schumi2-300x187.jpg 300w\" sizes=\"auto, (max-width: 650px) 100vw, 650px\" \/><\/a><\/p>\n<h3 style=\"text-align: justify;\">El cuerpo m\u00e9dico que atiende al siete veces campe\u00f3n de f\u00f3rmula uno, ya alert\u00f3 sobre las complicaciones que puede traer despertar al piloto del coma inducido que se encuentra desde el pasado 29 de diciembre donde sufri\u00f3 un accidente de esqu\u00ed en Los Alpes franceses, golpeando fuertemente su cabeza.<\/h3>\n<p>&nbsp;<\/p>\n<p style=\"text-align: justify;\">No obstante eso, Schumacher deber\u00e1 ser sacado del coma farmacol\u00f3gico en el que se encuentra en los pr\u00f3ximos d\u00edas, donde los m\u00e9dicos que se encargan de atenderlo insisten en que es imposible determinar el tipo de secuelas que le podr\u00eda dejar.<\/p>\n<p style=\"text-align: justify;\">Por tanto, la prensa alemana se ha encargado de consultar a profesionales de envergadura sobre el cuadro del ex piloto de f\u00f3rmula uno.El neur\u00f3logo ingl\u00e9s,\u00a0Richard Greenwood,asegur\u00f3 luego de un estudio que\u00a0&#8220;Dif\u00edcilmente volver\u00e1 a ser el Schumacher que todos conocieron&#8221;.<\/p>\n<p style=\"text-align: justify;\">Por su parte, \u00a0el doctor Andreas Zieger, de la Cl\u00ednica Universitaria de neurocirug\u00eda de Oldemburg, \u00a0afirma que: si las lesiones de Schumacher son tan graves como para da\u00f1ar al paciente, lo mejor es &#8220;mantenerlo lo m\u00e1s posible&#8221; en coma farmacol\u00f3gico y que\u00a0despertarlo a Schumi podr\u00eda &#8220;traer muchas complicaciones&#8221;. Luego a\u00f1adi\u00f3:&#8221;No se debe especular ac\u00e1, finalmente, estamos hablando de la vida y la muerte. Las lesiones al cerebro son de las m\u00e1s complicadas que pueden ocurrir en el cuerpo humano&#8221;.<\/p>\n<p style=\"text-align: justify;\"><strong>Por Laura Rodriguez|@laurodriguez6|mlaurarodriguez@yahoo.com.ar<\/strong><\/p>\n","protected":false},"excerpt":{"rendered":"<p>El cuerpo m\u00e9dico que atiende al siete veces campe\u00f3n de f\u00f3rmula uno, ya alert\u00f3 sobre las complicaciones que puede traer despertar al piloto del coma inducido que se encuentra desde el pasado 29 de diciembre donde sufri\u00f3 un accidente de esqu\u00ed en Los Alpes franceses, golpeando fuertemente su cabeza. &nbsp; No obstante eso, Schumacher deber\u00e1 [&hellip;]<\/p>\n","protected":false},"author":6,"featured_media":6657,"comment_status":"open","ping_status":"open","sticky":false,"template":"","format":"standard","meta":{"_seopress_robots_primary_cat":"","_seopress_titles_title":"","_seopress_titles_desc":"","_seopress_robots_index":"","footnotes":""},"categories":[1],"tags":[1349,1348,1350],"class_list":["post-6656","post","type-post","status-publish","format-standard","has-post-thumbnail","hentry","category-automovilismo","tag-accidente-schumacher","tag-michael-schumacher","tag-schumacher-accidente-esqui"],"_links":{"self":[{"href":"https:\/\/www.cordobatimes.com\/deportes\/wp-json\/wp\/v2\/posts\/6656","targetHints":{"allow":["GET"]}}],"collection":[{"href":"https:\/\/www.cordobatimes.com\/deportes\/wp-json\/wp\/v2\/posts"}],"about":[{"href":"https:\/\/www.cordobatimes.com\/deportes\/wp-json\/wp\/v2\/types\/post"}],"author":[{"embeddable":true,"href":"https:\/\/www.cordobatimes.com\/deportes\/wp-json\/wp\/v2\/users\/6"}],"replies":[{"embeddable":true,"href":"https:\/\/www.cordobatimes.com\/deportes\/wp-json\/wp\/v2\/comments?post=6656"}],"version-history":[{"count":0,"href":"https:\/\/www.cordobatimes.com\/deportes\/wp-json\/wp\/v2\/posts\/6656\/revisions"}],"wp:featuredmedia":[{"embeddable":true,"href":"https:\/\/www.cordobatimes.com\/deportes\/wp-json\/wp\/v2\/media\/6657"}],"wp:attachment":[{"href":"https:\/\/www.cordobatimes.com\/deportes\/wp-json\/wp\/v2\/media?parent=6656"}],"wp:term":[{"taxonomy":"category","embeddable":true,"href":"https:\/\/www.cordobatimes.com\/deportes\/wp-json\/wp\/v2\/categories?post=6656"},{"taxonomy":"post_tag","embeddable":true,"href":"https:\/\/www.cordobatimes.com\/deportes\/wp-json\/wp\/v2\/tags?post=6656"}],"curies":[{"name":"wp","href":"https:\/\/api.w.org\/{rel}","templated":true}]}}