{"id":6633,"date":"2014-01-19T12:35:40","date_gmt":"2014-01-19T15:35:40","guid":{"rendered":"http:\/\/www.cordobatimes.com\/deportes\/?p=6633"},"modified":"2014-01-19T12:35:40","modified_gmt":"2014-01-19T15:35:40","slug":"tras-el-superclasico-hablaron-bianchi-y-ramon-diaz","status":"publish","type":"post","link":"https:\/\/www.cordobatimes.com\/deportes\/futbol\/primera-division\/2014\/01\/19\/tras-el-superclasico-hablaron-bianchi-y-ramon-diaz\/","title":{"rendered":"Tras el supercl\u00e1sico, hablaron Bianchi y Ram\u00f3n D\u00edaz"},"content":{"rendered":"<h3 style=\"text-align: justify;\"><a href=\"http:\/\/www.cordobatimes.com\/deportes\/wp-content\/uploads\/2014\/01\/ramon-diaz-bianchi.jpg\"><img loading=\"lazy\" decoding=\"async\" class=\"size-full wp-image-6634 aligncenter\" alt=\"ramon diaz bianchi\" src=\"http:\/\/www.cordobatimes.com\/deportes\/wp-content\/uploads\/2014\/01\/ramon-diaz-bianchi.jpg\" width=\"601\" height=\"341\" data-id=\"6634\" srcset=\"https:\/\/www.cordobatimes.com\/deportes\/wp-content\/uploads\/2014\/01\/ramon-diaz-bianchi.jpg 601w, https:\/\/www.cordobatimes.com\/deportes\/wp-content\/uploads\/2014\/01\/ramon-diaz-bianchi-300x170.jpg 300w\" sizes=\"auto, (max-width: 601px) 100vw, 601px\" \/><\/a><\/h3>\n<h3 style=\"text-align: justify;\"><b>El DT de Boca elogi\u00f3 la actuaci\u00f3n de su equipo. Destac\u00f3 la actuaci\u00f3n del juvenil Luciano Acosta. Por parte del t\u00e9cnico \u201cmillonario\u201d, \u201cme voy conforme con el rendimiento de los jugadores\u201d, expres\u00f3.<\/b><\/h3>\n<p style=\"text-align: justify;\">\n<p style=\"text-align: justify;\">\n<p style=\"text-align: justify;\">El \u201cVirrey\u201d celebr\u00f3 el rendimiento de Luciano Acosta en el empate (1-1) de anoche ante River en el primer supercl\u00e1sico del a\u00f1o en Mar del Plata y consider\u00f3 que hubo falta en el gol de Jonatan Maidana a Agust\u00edn Ori\u00f3n.<\/p>\n<p style=\"text-align: justify;\">&#8220;Me voy conforme con el primer tiempo y me gust\u00f3 mucho el chico Acosta. Fuimos mejores, pero no pudimos ganar&#8221;, sostuvo Bianchi. &#8220;Hubo falta en el gol de River y nos condicion\u00f3 la expulsi\u00f3n de D\u00edaz. Pero me gust\u00f3 el equipo&#8221;, agreg\u00f3.<\/p>\n<p style=\"text-align: justify;\">Bianchi tambi\u00e9n habl\u00f3 sobre el tercer refuerzo a partir de la lesi\u00f3n de Joel Acosta. &#8220;Lo vamos a pensar muy bien, pero ese jugador tendr\u00e1 que marcar la diferencia&#8221;, remarc\u00f3.<\/p>\n<p style=\"text-align: justify;\">Por parte del DT \u201cmillonario\u201d, Ram\u00f3n D\u00edaz se fue conforme con el 1-1 ante Boca en el primer supercl\u00e1sico del a\u00f1o en Mar del Plata.<\/p>\n<p style=\"text-align: justify;\">&#8220;Me voy muy conforme con el rendimiento de los jugadores, con las ganas y la responsabilidad&#8221;, dijo el DT. &#8220;En el poco tiempo que llevamos vimos un progreso enorme. S\u00e9 que debemos mejorar en el manejo de la pelota&#8221;, expres\u00f3 el riojano<\/p>\n<p style=\"text-align: justify;\">&#8220;Creo que el partido fue parejo, pudimos haberlo ganado en el segundo tiempo. Salimos a buscar el partido, nos falt\u00f3 ser m\u00e1s punzantes. Pero el empate no estuvo mal&#8221;.<\/p>\n<p style=\"text-align: justify;\">Ram\u00f3n D\u00edaz, por \u00faltimo, admiti\u00f3 que le gust\u00f3 &#8220;mucho&#8221; el esquema de su equipo. &#8220;La l\u00ednea de tres defensores rindi\u00f3. Estamos en una etapa de mucho trabajo. Vamos a seguir creciendo y buscaremos pulir detalles&#8221;, manifest\u00f3 el DT. &#8220;Cavenaghi tuvo dos chances y me voy muy feliz con \u00e9l&#8221;, culmin\u00f3.<\/p>\n<p style=\"text-align: justify;\"><strong>Por Franco Badano | @badano_fran<\/strong><\/p>\n","protected":false},"excerpt":{"rendered":"<p>El DT de Boca elogi\u00f3 la actuaci\u00f3n de su equipo. Destac\u00f3 la actuaci\u00f3n del juvenil Luciano Acosta. Por parte del t\u00e9cnico \u201cmillonario\u201d, \u201cme voy conforme con el rendimiento de los jugadores\u201d, expres\u00f3. El \u201cVirrey\u201d celebr\u00f3 el rendimiento de Luciano Acosta en el empate (1-1) de anoche ante River en el primer supercl\u00e1sico del a\u00f1o en [&hellip;]<\/p>\n","protected":false},"author":20,"featured_media":6634,"comment_status":"open","ping_status":"open","sticky":false,"template":"","format":"standard","meta":{"_seopress_robots_primary_cat":"","_seopress_titles_title":"","_seopress_titles_desc":"","_seopress_robots_index":"","footnotes":""},"categories":[16],"tags":[230,52,361,74,1046],"class_list":["post-6633","post","type-post","status-publish","format-standard","has-post-thumbnail","hentry","category-primera-division","tag-bianchi","tag-boca","tag-ramon-diaz","tag-river","tag-superclasico"],"_links":{"self":[{"href":"https:\/\/www.cordobatimes.com\/deportes\/wp-json\/wp\/v2\/posts\/6633","targetHints":{"allow":["GET"]}}],"collection":[{"href":"https:\/\/www.cordobatimes.com\/deportes\/wp-json\/wp\/v2\/posts"}],"about":[{"href":"https:\/\/www.cordobatimes.com\/deportes\/wp-json\/wp\/v2\/types\/post"}],"author":[{"embeddable":true,"href":"https:\/\/www.cordobatimes.com\/deportes\/wp-json\/wp\/v2\/users\/20"}],"replies":[{"embeddable":true,"href":"https:\/\/www.cordobatimes.com\/deportes\/wp-json\/wp\/v2\/comments?post=6633"}],"version-history":[{"count":0,"href":"https:\/\/www.cordobatimes.com\/deportes\/wp-json\/wp\/v2\/posts\/6633\/revisions"}],"wp:featuredmedia":[{"embeddable":true,"href":"https:\/\/www.cordobatimes.com\/deportes\/wp-json\/wp\/v2\/media\/6634"}],"wp:attachment":[{"href":"https:\/\/www.cordobatimes.com\/deportes\/wp-json\/wp\/v2\/media?parent=6633"}],"wp:term":[{"taxonomy":"category","embeddable":true,"href":"https:\/\/www.cordobatimes.com\/deportes\/wp-json\/wp\/v2\/categories?post=6633"},{"taxonomy":"post_tag","embeddable":true,"href":"https:\/\/www.cordobatimes.com\/deportes\/wp-json\/wp\/v2\/tags?post=6633"}],"curies":[{"name":"wp","href":"https:\/\/api.w.org\/{rel}","templated":true}]}}