{"id":6590,"date":"2014-01-18T13:49:24","date_gmt":"2014-01-18T16:49:24","guid":{"rendered":"http:\/\/www.cordobatimes.com\/deportes\/?p=6590"},"modified":"2014-01-18T13:49:24","modified_gmt":"2014-01-18T16:49:24","slug":"schumacher-se-encuentra-estable","status":"publish","type":"post","link":"https:\/\/www.cordobatimes.com\/deportes\/automovilismo\/2014\/01\/18\/schumacher-se-encuentra-estable\/","title":{"rendered":"Schumacher se encuentra &#8220;estable&#8221;"},"content":{"rendered":"<p style=\"text-align: justify;\"><a href=\"http:\/\/www.cordobatimes.com\/deportes\/wp-content\/uploads\/2014\/01\/schumi1.jpg\"><img loading=\"lazy\" decoding=\"async\" class=\"alignnone size-full wp-image-6591\" alt=\"schumi\" src=\"http:\/\/www.cordobatimes.com\/deportes\/wp-content\/uploads\/2014\/01\/schumi1.jpg\" width=\"650\" height=\"430\" data-id=\"6591\" srcset=\"https:\/\/www.cordobatimes.com\/deportes\/wp-content\/uploads\/2014\/01\/schumi1.jpg 650w, https:\/\/www.cordobatimes.com\/deportes\/wp-content\/uploads\/2014\/01\/schumi1-300x198.jpg 300w\" sizes=\"auto, (max-width: 650px) 100vw, 650px\" \/><\/a><\/p>\n<h3 style=\"text-align: justify;\">Sabine Kehm, la portavoz del ex piloto de f\u00f3rmula uno, no tard\u00f3 \u00a0en salir a aclarar los rumores ante los medios europeos, que hablaban de que estar\u00eda atravesando un estado &#8220;cr\u00edtico&#8221;.<\/h3>\n<p style=\"text-align: justify;\">\n<p style=\"text-align: justify;\">\u00a0&#8220;La condici\u00f3n de Michael todav\u00eda se considera como estable&#8221;,adem\u00e1s a\u00f1adi\u00f3 que\u00a0&#8220;informaci\u00f3n que no provenga de los doctores que lo est\u00e1n tratando o de su equipo de representantes debe ser tratada como pura especulaci\u00f3n&#8221;&#8221;La familia de Michael tiene total confianza en el equipo m\u00e9dico y est\u00e1 muy satisfecha con su trabajo&#8221;, Concluy\u00f3.<\/p>\n<p style=\"text-align: justify;\">\n<p style=\"text-align: justify;\"><strong>Por Laura Rodriguez|@laurodriguez6|mlaurarodriguez@yahoo.com.ar<\/strong><\/p>\n","protected":false},"excerpt":{"rendered":"<p>Sabine Kehm, la portavoz del ex piloto de f\u00f3rmula uno, no tard\u00f3 \u00a0en salir a aclarar los rumores ante los medios europeos, que hablaban de que estar\u00eda atravesando un estado &#8220;cr\u00edtico&#8221;. \u00a0&#8220;La condici\u00f3n de Michael todav\u00eda se considera como estable&#8221;,adem\u00e1s a\u00f1adi\u00f3 que\u00a0&#8220;informaci\u00f3n que no provenga de los doctores que lo est\u00e1n tratando o de su [&hellip;]<\/p>\n","protected":false},"author":6,"featured_media":6591,"comment_status":"open","ping_status":"open","sticky":false,"template":"","format":"standard","meta":{"_seopress_robots_primary_cat":"","_seopress_titles_title":"","_seopress_titles_desc":"","_seopress_robots_index":"","footnotes":""},"categories":[1],"tags":[1349,1348,1338],"class_list":["post-6590","post","type-post","status-publish","format-standard","has-post-thumbnail","hentry","category-automovilismo","tag-accidente-schumacher","tag-michael-schumacher","tag-schumacher"],"_links":{"self":[{"href":"https:\/\/www.cordobatimes.com\/deportes\/wp-json\/wp\/v2\/posts\/6590","targetHints":{"allow":["GET"]}}],"collection":[{"href":"https:\/\/www.cordobatimes.com\/deportes\/wp-json\/wp\/v2\/posts"}],"about":[{"href":"https:\/\/www.cordobatimes.com\/deportes\/wp-json\/wp\/v2\/types\/post"}],"author":[{"embeddable":true,"href":"https:\/\/www.cordobatimes.com\/deportes\/wp-json\/wp\/v2\/users\/6"}],"replies":[{"embeddable":true,"href":"https:\/\/www.cordobatimes.com\/deportes\/wp-json\/wp\/v2\/comments?post=6590"}],"version-history":[{"count":0,"href":"https:\/\/www.cordobatimes.com\/deportes\/wp-json\/wp\/v2\/posts\/6590\/revisions"}],"wp:featuredmedia":[{"embeddable":true,"href":"https:\/\/www.cordobatimes.com\/deportes\/wp-json\/wp\/v2\/media\/6591"}],"wp:attachment":[{"href":"https:\/\/www.cordobatimes.com\/deportes\/wp-json\/wp\/v2\/media?parent=6590"}],"wp:term":[{"taxonomy":"category","embeddable":true,"href":"https:\/\/www.cordobatimes.com\/deportes\/wp-json\/wp\/v2\/categories?post=6590"},{"taxonomy":"post_tag","embeddable":true,"href":"https:\/\/www.cordobatimes.com\/deportes\/wp-json\/wp\/v2\/tags?post=6590"}],"curies":[{"name":"wp","href":"https:\/\/api.w.org\/{rel}","templated":true}]}}