{"id":6565,"date":"2014-01-17T23:55:01","date_gmt":"2014-01-18T02:55:01","guid":{"rendered":"http:\/\/www.cordobatimes.com\/deportes\/?p=6565"},"modified":"2014-01-19T18:27:13","modified_gmt":"2014-01-19T21:27:13","slug":"dakar-2014-resumen-etapa-12","status":"publish","type":"post","link":"https:\/\/www.cordobatimes.com\/deportes\/automovilismo\/2014\/01\/17\/dakar-2014-resumen-etapa-12\/","title":{"rendered":"DAKAR 2014: Resumen etapa 12"},"content":{"rendered":"<h3 style=\"text-align: justify;\"><a href=\"http:\/\/www.cordobatimes.com\/deportes\/wp-content\/uploads\/2014\/01\/quads.jpg\"><img loading=\"lazy\" decoding=\"async\" class=\"alignnone size-full wp-image-6566\" alt=\"quads\" src=\"http:\/\/www.cordobatimes.com\/deportes\/wp-content\/uploads\/2014\/01\/quads.jpg\" width=\"638\" height=\"422\" data-id=\"6566\" srcset=\"https:\/\/www.cordobatimes.com\/deportes\/wp-content\/uploads\/2014\/01\/quads.jpg 638w, https:\/\/www.cordobatimes.com\/deportes\/wp-content\/uploads\/2014\/01\/quads-300x198.jpg 300w\" sizes=\"auto, (max-width: 638px) 100vw, 638px\" \/><\/a><\/h3>\n<h3 style=\"text-align: justify;\">Se corri\u00f3 la pen\u00faltima etapa del raid m\u00e1s duro del mundo, la duod\u00e9cima etapa \u00a0un\u00eda a El Salvador con La serena y todos esperan el d\u00eda D, ser\u00e1 ma\u00f1ana s\u00e1bado, donde el Dakar 2014 llegar\u00e1 a su fin.<\/h3>\n<p style=\"text-align: justify;\"><strong>Motos<\/strong>:Lo menos que se puede decir de la jornada de hoy para las motos es que ha sido todo un drama. El suspense en torno a la llegada de Joan Barreda ha tenido en vilo a todo el mundo durante m\u00e1s de dos horas. Al final, el espa\u00f1ol de Honda pierde el p\u00f3dium y baja hasta la s\u00e9ptima posici\u00f3n. Marc Coma acumula en estos momentos una ventaja de 1h59&#8217;49&#8221; sobre Jordi Viladoms. Olivier Pain es tercero a 2h10&#8217;16&#8221; y Cyril Despres cuarto a 2h14&#8217;01&#8221;. H\u00e9lder Rodrigues ocupa la quinta posici\u00f3n a 2h20&#8217;39&#8221;. Veremos qu\u00e9 ocurre ma\u00f1ana con el tercer puesto.<\/p>\n<p style=\"text-align: justify;\"><strong>Quads<\/strong>:La victoria final de Ignacio Casale parece blindada con 1h23&#8217;42&#8221; de ventaja sobre Rafa\u0142 Sonik. Sebastian Husseini es tercero a 5h39&#8217;30&#8221; y ser\u00eda un milagro que supusiera una amenaza para los dos pilotos de delante. En cambio, se mantiene el suspense por la cuarta plaza entre Mohammed Abu-Issa y V\u00edctor Manuel Gallegos Lozic, puesto que los separan 25 minutos y esa suele ser una diferencia asequible para un quad..<\/p>\n<p style=\"text-align: justify;\"><strong>Coches:<\/strong>A pesar de las \u00f3rdenes de equipo, se ha producido un cambio de l\u00edder en el d\u00eda de hoy: por apenas 26&#8243;, St\u00e9phane Peterhansel se coloca por delante de Nani Roma. \u00bfQu\u00e9 ocurrir\u00e1 ma\u00f1ana? Las espadas est\u00e1n en lo alto\u2026 A 54&#8217;07&#8221;, Nasser Al-Attiyah ocupa el \u00faltimo escal\u00f3n del p\u00f3dium virtual por delante de Giniel de Villiers, por su parte a 1h21&#8217;13&#8221;. A poco m\u00e1s de 6 minutos por detr\u00e1s, Orlando Terranova a\u00fan puede dar la campanada, a pesar de que en estos momentos se ve m\u00e1s fuerte al sudafricano. Con un retraso de 3h57&#8217;25&#8221;, Krzysztof Ho\u0142owczyc ocupa la sexta plaza.<\/p>\n<p style=\"text-align: justify;\"><strong>Cami\u00f3n:<\/strong>La ventaja pertenece a Andrey Karginov tras esta duod\u00e9cima jornada en la que Gerard de Rooy ha dado el todo por el todo. Entre los dos magn\u00edficos, la distancia de 7&#8217;25&#8221; es respetable, pero no parece imposible de superar. A 1h38&#8217;38&#8221;, Eduard Nikolaev ser\u00e1 espectador de lujo de esta lucha, puesto que su posici\u00f3n en la tabla no se encuentra muy amenazada: Sotnikov a 3h21&#8217;18&#8221; y Shibalov a 4h40&#8217;51 no hacen sino confirmar la primac\u00eda de Kamaz en esta clasificaci\u00f3n.<\/p>\n<p style=\"text-align: justify;\">Ma\u00f1ana ser\u00e1 el turno del \u00faltimo tramo que une La Serena-Valparaiso de 535 km de extensi\u00f3n.All\u00ed \u00a0los esperar\u00e1 el podio de llegada y habr\u00e1n completado los m\u00e1s de 9 mil kil\u00f3metros de una edici\u00f3n m\u00e1s del Rally Dakar 2014.<\/p>\n<p style=\"text-align: justify;\">\u00a0<iframe loading=\"lazy\" src=\"http:\/\/www.dailymotion.com\/embed\/video\/x19ut4c\" height=\"270\" width=\"480\" allowfullscreen=\"\" frameborder=\"0\"><\/iframe><br \/>\n<a href=\"http:\/\/www.dailymotion.com\/video\/x19ut4c_es-etapa-12-coche-moto-resumen-de-la-etapa-el-salvador-la-serena_auto\" target=\"_blank\">ES &#8211; Etapa 12 &#8211; Coche\/Moto &#8211; Resumen de la&#8230;<\/a> <i>por <a href=\"http:\/\/www.dailymotion.com\/Dakar\" target=\"_blank\">Dakar<\/a><\/i><\/p>\n<p style=\"text-align: justify;\"><strong>Por Laura Rodriguez|@laurodriguez6|mlaurarodriguez@yahoo.com.ar<\/strong><\/p>\n<p style=\"text-align: justify;\">Fuente: Dakar.com<\/p>\n<p style=\"text-align: justify;\">Foto:Dakar.com<\/p>\n","protected":false},"excerpt":{"rendered":"<p>Se corri\u00f3 la pen\u00faltima etapa del raid m\u00e1s duro del mundo, la duod\u00e9cima etapa \u00a0un\u00eda a El Salvador con La serena y todos esperan el d\u00eda D, ser\u00e1 ma\u00f1ana s\u00e1bado, donde el Dakar 2014 llegar\u00e1 a su fin. Motos:Lo menos que se puede decir de la jornada de hoy para las motos es que ha [&hellip;]<\/p>\n","protected":false},"author":6,"featured_media":6566,"comment_status":"open","ping_status":"open","sticky":false,"template":"","format":"standard","meta":{"_seopress_robots_primary_cat":"","_seopress_titles_title":"","_seopress_titles_desc":"","_seopress_robots_index":"","footnotes":""},"categories":[1],"tags":[1160],"class_list":["post-6565","post","type-post","status-publish","format-standard","has-post-thumbnail","hentry","category-automovilismo","tag-dakar-2014"],"_links":{"self":[{"href":"https:\/\/www.cordobatimes.com\/deportes\/wp-json\/wp\/v2\/posts\/6565","targetHints":{"allow":["GET"]}}],"collection":[{"href":"https:\/\/www.cordobatimes.com\/deportes\/wp-json\/wp\/v2\/posts"}],"about":[{"href":"https:\/\/www.cordobatimes.com\/deportes\/wp-json\/wp\/v2\/types\/post"}],"author":[{"embeddable":true,"href":"https:\/\/www.cordobatimes.com\/deportes\/wp-json\/wp\/v2\/users\/6"}],"replies":[{"embeddable":true,"href":"https:\/\/www.cordobatimes.com\/deportes\/wp-json\/wp\/v2\/comments?post=6565"}],"version-history":[{"count":0,"href":"https:\/\/www.cordobatimes.com\/deportes\/wp-json\/wp\/v2\/posts\/6565\/revisions"}],"wp:featuredmedia":[{"embeddable":true,"href":"https:\/\/www.cordobatimes.com\/deportes\/wp-json\/wp\/v2\/media\/6566"}],"wp:attachment":[{"href":"https:\/\/www.cordobatimes.com\/deportes\/wp-json\/wp\/v2\/media?parent=6565"}],"wp:term":[{"taxonomy":"category","embeddable":true,"href":"https:\/\/www.cordobatimes.com\/deportes\/wp-json\/wp\/v2\/categories?post=6565"},{"taxonomy":"post_tag","embeddable":true,"href":"https:\/\/www.cordobatimes.com\/deportes\/wp-json\/wp\/v2\/tags?post=6565"}],"curies":[{"name":"wp","href":"https:\/\/api.w.org\/{rel}","templated":true}]}}