{"id":6537,"date":"2014-01-17T12:01:04","date_gmt":"2014-01-17T15:01:04","guid":{"rendered":"http:\/\/www.cordobatimes.com\/deportes\/?p=6537"},"modified":"2014-01-17T12:02:18","modified_gmt":"2014-01-17T15:02:18","slug":"pese-a-la-preocupacion-neymar-solo-tiene-un-esguince-de-tobillo","status":"publish","type":"post","link":"https:\/\/www.cordobatimes.com\/deportes\/futbol-internacional\/2014\/01\/17\/pese-a-la-preocupacion-neymar-solo-tiene-un-esguince-de-tobillo\/","title":{"rendered":"Pese a la preocupaci\u00f3n, Neymar solo tiene un esguince de tobillo"},"content":{"rendered":"<h3 style=\"text-align: justify;\"><a href=\"http:\/\/www.cordobatimes.com\/deportes\/wp-content\/uploads\/2014\/01\/neymar-lesionado.jpg\"><img loading=\"lazy\" decoding=\"async\" class=\"size-full wp-image-6540 aligncenter\" alt=\"neymar lesionado\" src=\"http:\/\/www.cordobatimes.com\/deportes\/wp-content\/uploads\/2014\/01\/neymar-lesionado.jpg\" width=\"639\" height=\"360\" data-id=\"6540\" srcset=\"https:\/\/www.cordobatimes.com\/deportes\/wp-content\/uploads\/2014\/01\/neymar-lesionado.jpg 639w, https:\/\/www.cordobatimes.com\/deportes\/wp-content\/uploads\/2014\/01\/neymar-lesionado-300x169.jpg 300w\" sizes=\"auto, (max-width: 639px) 100vw, 639px\" \/><\/a><\/h3>\n<h3 style=\"text-align: justify;\"><b>Cuando falta cada vez menos para el tan ansiado Mundial, la lesi\u00f3n del astro brasile\u00f1o gener\u00f3 una preocupaci\u00f3n internacional, pero los estudios confirmaron la lesi\u00f3n en el tobillo derecho que lo mantendr\u00e1 casi un mes sin jugar. <\/b><\/h3>\n<p style=\"text-align: justify;\">\n<p style=\"text-align: justify;\">\n<p style=\"text-align: justify;\">A meses de la Copa del Mundo, en Brasil est\u00e1n m\u00e1s atentos que nunca. Sucede que Neymar, su m\u00e1xima estrella, sufri\u00f3 una lesi\u00f3n en su tobillo derecho al intentar enviar un centro en el partido por la Copa del Rey ante el Getafe. Pero Martino ya respira aliviado: podr\u00e1 tenerlo contra el City el 18 de febrero por la Champions.<\/p>\n<p style=\"text-align: justify;\">Seg\u00fan informa el diario catal\u00e1n \u201cMundo Deportivo\u201d: &#8220;nada m\u00e1s aterrizar en el aeropuerto de Barcelona, el brasile\u00f1o tom\u00f3 un coche del club para ir hacia la Cl\u00ednica Creu Blanca, donde estuvo por espacio de una hora y veinte minutos&#8221;. En ese establecimiento le diagnosticaron esguince de tobillo. Luego, el Barcelona ampli\u00f3 en su web que &#8220;el esguince es en los tendones peroneos del tobillo derecho&#8221; y por eso &#8220;es baja de tres a cuatro semanas&#8221;.<\/p>\n<p style=\"text-align: justify;\">\n<p><iframe loading=\"lazy\" src=\"\/\/www.youtube.com\/embed\/jxjEodV2ikg\" height=\"315\" width=\"560\" allowfullscreen=\"\" frameborder=\"0\"><\/iframe><br \/>\n<iframe loading=\"lazy\" src=\"\/\/www.youtube.com\/embed\/gzAc702yKqc\" height=\"315\" width=\"560\" allowfullscreen=\"\" frameborder=\"0\"><\/iframe><\/p>\n<p style=\"text-align: justify;\"><strong>Por Franco Badano | @badano_fran<\/strong><\/p>\n","protected":false},"excerpt":{"rendered":"<p>Cuando falta cada vez menos para el tan ansiado Mundial, la lesi\u00f3n del astro brasile\u00f1o gener\u00f3 una preocupaci\u00f3n internacional, pero los estudios confirmaron la lesi\u00f3n en el tobillo derecho que lo mantendr\u00e1 casi un mes sin jugar. A meses de la Copa del Mundo, en Brasil est\u00e1n m\u00e1s atentos que nunca. Sucede que Neymar, su [&hellip;]<\/p>\n","protected":false},"author":20,"featured_media":6540,"comment_status":"open","ping_status":"open","sticky":false,"template":"","format":"standard","meta":{"_seopress_robots_primary_cat":"","_seopress_titles_title":"","_seopress_titles_desc":"","_seopress_robots_index":"","footnotes":""},"categories":[18],"tags":[67,125,1596,1595],"class_list":["post-6537","post","type-post","status-publish","format-standard","has-post-thumbnail","hentry","category-futbol-internacional","tag-barcelona","tag-brasil","tag-esguince-de-tobillo","tag-neymar-lesionado"],"_links":{"self":[{"href":"https:\/\/www.cordobatimes.com\/deportes\/wp-json\/wp\/v2\/posts\/6537","targetHints":{"allow":["GET"]}}],"collection":[{"href":"https:\/\/www.cordobatimes.com\/deportes\/wp-json\/wp\/v2\/posts"}],"about":[{"href":"https:\/\/www.cordobatimes.com\/deportes\/wp-json\/wp\/v2\/types\/post"}],"author":[{"embeddable":true,"href":"https:\/\/www.cordobatimes.com\/deportes\/wp-json\/wp\/v2\/users\/20"}],"replies":[{"embeddable":true,"href":"https:\/\/www.cordobatimes.com\/deportes\/wp-json\/wp\/v2\/comments?post=6537"}],"version-history":[{"count":0,"href":"https:\/\/www.cordobatimes.com\/deportes\/wp-json\/wp\/v2\/posts\/6537\/revisions"}],"wp:featuredmedia":[{"embeddable":true,"href":"https:\/\/www.cordobatimes.com\/deportes\/wp-json\/wp\/v2\/media\/6540"}],"wp:attachment":[{"href":"https:\/\/www.cordobatimes.com\/deportes\/wp-json\/wp\/v2\/media?parent=6537"}],"wp:term":[{"taxonomy":"category","embeddable":true,"href":"https:\/\/www.cordobatimes.com\/deportes\/wp-json\/wp\/v2\/categories?post=6537"},{"taxonomy":"post_tag","embeddable":true,"href":"https:\/\/www.cordobatimes.com\/deportes\/wp-json\/wp\/v2\/tags?post=6537"}],"curies":[{"name":"wp","href":"https:\/\/api.w.org\/{rel}","templated":true}]}}