{"id":6467,"date":"2014-01-16T11:10:29","date_gmt":"2014-01-16T14:10:29","guid":{"rendered":"http:\/\/www.cordobatimes.com\/deportes\/?p=6467"},"modified":"2014-01-16T11:10:29","modified_gmt":"2014-01-16T14:10:29","slug":"goleada-de-san-lorenzo-en-su-primer-amistoso","status":"publish","type":"post","link":"https:\/\/www.cordobatimes.com\/deportes\/futbol\/2014\/01\/16\/goleada-de-san-lorenzo-en-su-primer-amistoso\/","title":{"rendered":"Goleada de San Lorenzo en su primer amistoso"},"content":{"rendered":"<h3 style=\"text-align: justify;\"><strong><a href=\"http:\/\/www.cordobatimes.com\/deportes\/wp-content\/uploads\/2014\/01\/Bauza.jpg\"><img loading=\"lazy\" decoding=\"async\" class=\"alignnone  wp-image-6468\" alt=\"Bauza\" src=\"http:\/\/www.cordobatimes.com\/deportes\/wp-content\/uploads\/2014\/01\/Bauza.jpg\" width=\"650\" height=\"420\" data-id=\"6468\" \/><\/a><\/strong><\/h3>\n<h3 style=\"text-align: justify;\"><strong>El Cicl\u00f3n derrot\u00f3 3-0 a Acasusso, equipo que milita en la Primera B Metropolitana del f\u00fatbol argentino. \u00c1ngel Correa, H\u00e9ctor Villalba y el flamante refuerzo, Nicol\u00e1s Blandi, anotaron los goles.<\/strong><\/h3>\n<p style=\"text-align: justify;\">\n<p style=\"text-align: justify;\">Los dirigidos por Edgardo Bauza comenzaron su preparaci\u00f3n para un semestre que lo tendr\u00e1 disputando la triple competencia (Torneo Final, Copa Libertadores y Copa Argentina). Con la mente puesta en realizar un buen papel en cada uno de los torneos, realiz\u00f3 su primer partido no oficial, ante un equipo de dos categor\u00edas m\u00e1s abajo.<\/p>\n<p style=\"text-align: justify;\">Los 11 que par\u00f3 el Pat\u00f3n fueron: Sebasti\u00e1n Torrico; Julio Buffarini, Pablo Alvarado, Santiago Gentiletti y Emanuel M\u00e1s; Leandro Romagnoli, Juan Ignacio Mercier, N\u00e9stor Ortigoza e Ignacio Piatti; Villalva y Correa.<\/p>\n<p style=\"text-align: justify;\">Luego, en el complemento, ingres\u00f3 el ex Boca y tuvo su bautismo en la red desde su llegada al club de Boedo. A su vez, los suplentes vencieron 2-0 al mismo rival, con las conquistas de Leandro Navarro y Rodrigo Contreras.<\/p>\n","protected":false},"excerpt":{"rendered":"<p>El Cicl\u00f3n derrot\u00f3 3-0 a Acasusso, equipo que milita en la Primera B Metropolitana del f\u00fatbol argentino. \u00c1ngel Correa, H\u00e9ctor Villalba y el flamante refuerzo, Nicol\u00e1s Blandi, anotaron los goles. Los dirigidos por Edgardo Bauza comenzaron su preparaci\u00f3n para un semestre que lo tendr\u00e1 disputando la triple competencia (Torneo Final, Copa Libertadores y Copa Argentina). [&hellip;]<\/p>\n","protected":false},"author":2,"featured_media":6468,"comment_status":"open","ping_status":"open","sticky":false,"template":"","format":"standard","meta":{"_seopress_robots_primary_cat":"","_seopress_titles_title":"","_seopress_titles_desc":"","_seopress_robots_index":"","footnotes":""},"categories":[2,16],"tags":[1300,1582,313],"class_list":["post-6467","post","type-post","status-publish","format-standard","has-post-thumbnail","hentry","category-futbol","category-primera-division","tag-bauza","tag-debut-y-gol-blandi","tag-san-lorenzo"],"_links":{"self":[{"href":"https:\/\/www.cordobatimes.com\/deportes\/wp-json\/wp\/v2\/posts\/6467","targetHints":{"allow":["GET"]}}],"collection":[{"href":"https:\/\/www.cordobatimes.com\/deportes\/wp-json\/wp\/v2\/posts"}],"about":[{"href":"https:\/\/www.cordobatimes.com\/deportes\/wp-json\/wp\/v2\/types\/post"}],"author":[{"embeddable":true,"href":"https:\/\/www.cordobatimes.com\/deportes\/wp-json\/wp\/v2\/users\/2"}],"replies":[{"embeddable":true,"href":"https:\/\/www.cordobatimes.com\/deportes\/wp-json\/wp\/v2\/comments?post=6467"}],"version-history":[{"count":0,"href":"https:\/\/www.cordobatimes.com\/deportes\/wp-json\/wp\/v2\/posts\/6467\/revisions"}],"wp:featuredmedia":[{"embeddable":true,"href":"https:\/\/www.cordobatimes.com\/deportes\/wp-json\/wp\/v2\/media\/6468"}],"wp:attachment":[{"href":"https:\/\/www.cordobatimes.com\/deportes\/wp-json\/wp\/v2\/media?parent=6467"}],"wp:term":[{"taxonomy":"category","embeddable":true,"href":"https:\/\/www.cordobatimes.com\/deportes\/wp-json\/wp\/v2\/categories?post=6467"},{"taxonomy":"post_tag","embeddable":true,"href":"https:\/\/www.cordobatimes.com\/deportes\/wp-json\/wp\/v2\/tags?post=6467"}],"curies":[{"name":"wp","href":"https:\/\/api.w.org\/{rel}","templated":true}]}}