{"id":6154,"date":"2014-01-10T22:30:41","date_gmt":"2014-01-11T01:30:41","guid":{"rendered":"http:\/\/www.cordobatimes.com\/deportes\/?p=6154"},"modified":"2020-05-13T19:33:48","modified_gmt":"2020-05-13T22:33:48","slug":"dakar-2014resumen-dia-6","status":"publish","type":"post","link":"https:\/\/www.cordobatimes.com\/deportes\/automovilismo\/2014\/01\/10\/dakar-2014resumen-dia-6\/","title":{"rendered":"DAKAR 2014:Resumen dia 6"},"content":{"rendered":"<h3 style=\"text-align: justify;\">La victoria de la 6\u00aa etapa del Dakar, empa\u00f1ada por el triste fallecimiento del motorista belga Eric Palante (v\u00e9ase el comunicado especial), ha ido a parar a manos del motorista Alain Duclos ocho a\u00f1os despu\u00e9s de que se coronara por primera vez en Bamako. En coches, St\u00e9phane Peterhansel se ha adjudicado hoy su 63\u00aa victoria de etapa en el Dakar, remontando hasta la tercera posici\u00f3n de la general, a poco m\u00e1s de media hora de Roma. En camiones, la categor\u00eda sigue dominada por Gerard De Rooy, mientras que Peter Versluis se ha coronado como el m\u00e1s r\u00e1pido del d\u00eda.<\/h3>\n<p style=\"text-align: justify;\">Se hab\u00eda preparado minuciosamente. Desde el inicio del Dakar, Alain Duclos ha dado muestras de la competitividad de su Sherco 450, cuyo rendimiento ha dado un importante salto cualitativo con respecto al a\u00f1o pasado. El piloto tambi\u00e9n se ha reafirmado a nivel t\u00e9cnico y f\u00edsico tras una temporada en blanco en lo que a competici\u00f3n en el rally raid se refiere. Tras demostrar un nivel excelente durante las cinco primeras etapas, con 3 puestos en el Top 5, el aspirante m\u00e1s valiente del a\u00f1o probablemente hab\u00eda se\u00f1alado la etapa del d\u00eda, t\u00edpicamente endurera, en su calendario, pues se ajusta como anillo al dedo a un cazador de scratches como \u00e9l. Tras tomar la salida en 9\u00aa posici\u00f3n esta ma\u00f1ana, el piloto francomaliense ha atacado de principio a fin para adelantar a 5 pilotos en la pista y rubricar el mejor tiempo en las inmediaciones de Salta. Algo muy semejante a lo que logr\u00f3 en 2006 cuando se impuso en casa, en Bamako, sacando una minutada a un tal Marc Coma\u2026 que ocupaba ya la cabeza de la general.<\/p>\n<p style=\"text-align: justify;\">Si Duclos se coloca en el p\u00f3dium provisional es gracias a su golpe de manillar y a una buena dosis de constancia, algo que le ha faltado a uno de los aspirantes al t\u00edtulo este a\u00f1o. En el km 211, \u201cChaleco\u201d L\u00f3pez ha sido v\u00edctima de una ca\u00edda que ha destrozado su moto, echando al traste su sue\u00f1o de coronarse en Valpara\u00edso. En cambio, Joan Joan Barreda, 4\u00ba hoy a solo 2&#8217;22&#8221; de Duclos, llega a la jornada de descanso en el segundo puesto del p\u00f3dium dispuesto a aprovechar cualquier paso en falso de Coma\u2026. Como por ejemplo que cometa un error que le cueste 42 minutos.<\/p>\n<p style=\"text-align: justify;\">En quads, Rafal Sonik afianza su posici\u00f3n en el terceto que pelea por el t\u00edtulo. El polaco no ha logrado apear a Sergio Lafuente de lo alto de la tabla pero le ha ara\u00f1ado unos m\u00e1s que considerables 54&#8221;, reduciendo la ventaja del primer clasificado a 22&#8242;. Ignacio Casale, \u00fanico representante chileno en poder defender la bandera al m\u00e1s alto nivel tras el abandono de \u201cChaleco\u201d, se coloca actualmente tercero a 24&#8217;04&#8221; de Lafuente.<\/p>\n<p style=\"text-align: justify;\">Tras el descalabro sufrido por Carlos Sainz ayer, el dominio de los Minis resulta evidente, como avala el golpe de autoridad de Nani Roma, que ha metido la directa hacia su primera victoria en coches. Sin embargo, el espa\u00f1ol ha visto hoy c\u00f3mo se le acercaba, y no precisamente despacio, su compa\u00f1ero de equipo St\u00e9phane Peterhansel. Un avance que se gestaba ya durante la noche&#8230; La aplicaci\u00f3n de una penalizaci\u00f3n de una hora a Sainz y Al-Attiyah ha permitido al defensor del t\u00edtulo ganar de forma autom\u00e1tica una posici\u00f3n. La noticia sin duda ha insuflado ox\u00edgeno a \u201cPeter\u201d, que ha protagonizado una bonita remontada en el camino hacia Tucum\u00e1n. A nivel simb\u00f3lico, su 63\u00aa victoria de especial, que iguala el r\u00e9cord ostentado por Vladimir Chagin, le consolida, m\u00e1s si cabe, como maestro de la prueba. Asimismo, le permite, en su lucha por su 12\u00ba t\u00edtulo, acercarse a 33&#8242; de Roma, que cruzaba hoy la meta unos 6&#8242; por detr\u00e1s de \u00e9l. Tercero en el ranking la v\u00edspera de la jornada de descanso, Peterhansel le pisa ahora los talones a Orlando Terranova, que ha resistido hasta ahora a la perfecci\u00f3n a la presi\u00f3n ejercida por sus colegas.<\/p>\n<p style=\"text-align: justify;\">Los camiones se han enfrentado hoy en una especial m\u00e1s corta (156 km). Una especial en la que Gerard de Rooy ha cumplido con su misi\u00f3n de salvaguardar su posici\u00f3n de l\u00edder. Ha sido tambi\u00e9n una bonita oportunidad para que Peter Versluis, que sal\u00eda hoy desde la 12\u00aa posici\u00f3n, desplegara toda su fuerza para adjudicarse su segunda especial en el Dakar.<\/p>\n<p><iframe loading=\"lazy\" src=\"http:\/\/www.dailymotion.com\/embed\/video\/x19i46c\" width=\"480\" height=\"270\" frameborder=\"0\" allowfullscreen=\"allowfullscreen\"><\/iframe><br \/>\n<a href=\"http:\/\/www.dailymotion.com\/video\/x19i46c_es-etapa-6-coche-moto-resumen-de-la-etapa-tucuman-salta_auto\" target=\"_blank\" rel=\"noopener noreferrer\">ES &#8211; Etapa 6 &#8211; Coche\/Moto &#8211; Resumen de la etapa&#8230;<\/a> <i>por <a href=\"http:\/\/www.dailymotion.com\/Dakar\" target=\"_blank\" rel=\"noopener noreferrer\">Dakar<\/a><\/i><\/p>\n<p>dakar.com<\/p>\n","protected":false},"excerpt":{"rendered":"<p>La victoria de la 6\u00aa etapa del Dakar, empa\u00f1ada por el triste fallecimiento del motorista belga Eric Palante (v\u00e9ase el comunicado especial), ha ido a parar a manos del motorista Alain Duclos ocho a\u00f1os despu\u00e9s de que se coronara por primera vez en Bamako. En coches, St\u00e9phane Peterhansel se ha adjudicado hoy su 63\u00aa victoria [&hellip;]<\/p>\n","protected":false},"author":6,"featured_media":6155,"comment_status":"open","ping_status":"open","sticky":false,"template":"","format":"standard","meta":{"_seopress_robots_primary_cat":"none","_seopress_titles_title":"","_seopress_titles_desc":"","_seopress_robots_index":"","footnotes":""},"categories":[1],"tags":[1160,1508,728],"class_list":["post-6154","post","type-post","status-publish","format-standard","has-post-thumbnail","hentry","category-automovilismo","tag-dakar-2014","tag-etapa-6","tag-rally-dakar-2014"],"_links":{"self":[{"href":"https:\/\/www.cordobatimes.com\/deportes\/wp-json\/wp\/v2\/posts\/6154","targetHints":{"allow":["GET"]}}],"collection":[{"href":"https:\/\/www.cordobatimes.com\/deportes\/wp-json\/wp\/v2\/posts"}],"about":[{"href":"https:\/\/www.cordobatimes.com\/deportes\/wp-json\/wp\/v2\/types\/post"}],"author":[{"embeddable":true,"href":"https:\/\/www.cordobatimes.com\/deportes\/wp-json\/wp\/v2\/users\/6"}],"replies":[{"embeddable":true,"href":"https:\/\/www.cordobatimes.com\/deportes\/wp-json\/wp\/v2\/comments?post=6154"}],"version-history":[{"count":0,"href":"https:\/\/www.cordobatimes.com\/deportes\/wp-json\/wp\/v2\/posts\/6154\/revisions"}],"wp:featuredmedia":[{"embeddable":true,"href":"https:\/\/www.cordobatimes.com\/deportes\/wp-json\/wp\/v2\/media\/6155"}],"wp:attachment":[{"href":"https:\/\/www.cordobatimes.com\/deportes\/wp-json\/wp\/v2\/media?parent=6154"}],"wp:term":[{"taxonomy":"category","embeddable":true,"href":"https:\/\/www.cordobatimes.com\/deportes\/wp-json\/wp\/v2\/categories?post=6154"},{"taxonomy":"post_tag","embeddable":true,"href":"https:\/\/www.cordobatimes.com\/deportes\/wp-json\/wp\/v2\/tags?post=6154"}],"curies":[{"name":"wp","href":"https:\/\/api.w.org\/{rel}","templated":true}]}}