{"id":6085,"date":"2014-01-09T21:59:28","date_gmt":"2014-01-10T00:59:28","guid":{"rendered":"http:\/\/www.cordobatimes.com\/deportes\/?p=6085"},"modified":"2020-05-13T19:32:18","modified_gmt":"2020-05-13T22:32:18","slug":"dakar-2014resumen-dia-5","status":"publish","type":"post","link":"https:\/\/www.cordobatimes.com\/deportes\/automovilismo\/2014\/01\/09\/dakar-2014resumen-dia-5\/","title":{"rendered":"DAKAR 2014: Resumen d\u00eda 5"},"content":{"rendered":"<h3>El triple vencedor de la prueba, Marc Coma ha puesto tierra de por medio con todos sus rivales en una etapa que ha habido que recortar debido a las temperaturas extremas, ya que supon\u00edan un peligro para la integridad de los pilotos. Por su parte, su vecino Nani Roma se vuelve a hacer con las riendas de la competici\u00f3n de coches con m\u00e1s de media hora de ventaja sobre su primer rival, Nasser Al-Attiyah. Gerard de Rooy cuida su ventaja en la categor\u00eda de camiones y aventaja en m\u00e1s de media hora al segundo clasificado, Andrey Karginov.<\/h3>\n<p>Al t\u00e9rmino de cuatro d\u00edas de carrera, no son pocos los favoritos del Dakar que ya han sufrido en sus carnes los rigores de la competici\u00f3n por distintos motivos, e incluso algunos han adelantado de forma precoz el reencuentro con la familia. Por lo que respecta a Marc Coma, el piloto catal\u00e1n ha decidido pasar al ataque en esta quinta etapa y ha asestado un golpe terrible a todos sus rivales, como por ejemplo Cyril Despres, que ya hab\u00eda recibido un fuerte varapalo en la v\u00edspera, o Joan Barreda, que por su parte se ha visto obligado a detenerse varios minutos en la ruta a Tucum\u00e1n. Tras adelantar en la pista a \u201cChaleco\u201d L\u00f3pez y despu\u00e9s a Juan Pedrero, vencedor de la etapa de ayer, el l\u00edder de KTM ha recuperado el sitio que le corresponde en la competici\u00f3n imponiendo una distancia salvaje con sus perseguidores. Al t\u00e9rmino de la primera parte de la especial, es decir, de los primeros 211 kil\u00f3metros, el piloto espa\u00f1ol, que no acudi\u00f3 al Dakar 2013 por molestias en el hombro, ha logrado sortear todas las trampas en las que iban cayendo Paulo Gon\u00e7alves (ha abandonado tras el incendio de su moto) o Cyril Despres (sobrecalentamiento del motor, errores de navegaci\u00f3n, etc.). El compa\u00f1erismo es sagrado para los pilotos catalanes, y su perseguidor m\u00e1s directo no era otro que su aguador Jordi Viladoms, a unos 13 minutos. Se ha abierto una brecha con Despres, que ya acumulaba 45 minutos, con Barreda y Pain, que sufr\u00edan un descalabro parecido, y con \u201cChaleco\u201d L\u00f3pez, hundido inexorablemente a m\u00e1s de 50 minutos.<\/p>\n<p>La situaci\u00f3n se le ha complicado al catal\u00e1n al comienzo del segundo tramo de la especial por culpa de una fuga en el dep\u00f3sito de gasolina de su KTM. Ahora bien, el Coma de los grandes d\u00edas suma a su talento una suerte especial, una \u201cbaraka\u201d incontestable. La reparaci\u00f3n improvisada con la ayuda de Viladoms le ha devuelto una sonrisa t\u00edmida, una sonrisa que ha terminado por ensancharse de oreja a oreja al enterarse de la anulaci\u00f3n del segundo sector cronometrado. El bot\u00edn tiene ya un peso considerable, con solo tres de sus rivales a menos de una hora en la clasificaci\u00f3n general: Joan Barreda a 41&#8217;10&#8221;, \u201cChaleco\u201d L\u00f3pez a 53&#8217;40&#8221; y Jordi Viladoms a 58&#8217;58&#8221;.<\/p>\n<p>La categor\u00eda de quads se ha visto afectada por la misma modificaci\u00f3n en el programa, pero no se han registrado vuelcos tan abismales en la clasificaci\u00f3n. Ignacio Casale conserva la primera posici\u00f3n de la tabla, pero su inmediato perseguidor es ahora Sergio Lafuente, que a\u00f1ade a su palmar\u00e9s una nueva victoria de etapa y aprovecha para adelantar a Rafa\u0142 Sonik en el escalaf\u00f3n.<\/p>\n<p>En coches, lo catal\u00e1n tambi\u00e9n ha marcado tendencia. La actuaci\u00f3n de primer\u00edsimo nivel de Nani Roma ha sido a\u00fan m\u00e1s redonda si cabe gracias a la ayuda inestimable de su copiloto franc\u00e9s Michel P\u00e9rin. Despu\u00e9s del \u00faltimo Dakar, han formado una sociedad invencible tanto en las Bajas de Hungr\u00eda y Espa\u00f1a como en el Desert Challenge (Abu Dabi) o el Desaf\u00edo Ruta 40 (Argentina). Esta sucesi\u00f3n de actuaciones destacadas ha consolidado esta pareja en la que, mientras Roma se encarga del ritmo y la agilidad, P\u00e9rin pone ese punto de inspiraci\u00f3n necesario para orientarse en etapas tan complicadas como la de hoy. En la l\u00ednea de meta, el primer vencedor espa\u00f1ol del Dakar (2004, motos) se pon\u00eda por delante de Giniel de Villiers en la clasificaci\u00f3n de la especial, \u00fanico piloto que ha podido mantener a raya las inclemencias de la etapa con un retraso de apenas 4&#8217;20&#8221;. Nani Roma, barcelonista de pro que aspira a la conquista de la prueba, habr\u00e1 presenciado hoy el descalabro sufrido por el socio del Real Madrid m\u00e1s laureado del Dakar. Lo cierto es que la etapa de hoy ha sido una aut\u00e9ntica pesadilla para Carlos Sainz, que sal\u00eda de Chilecito como l\u00edder del rally y se ha visto obligado a parar much\u00edsimo tiempo en el km 163 por problemas electr\u00f3nicos en su buggy. En la primera parte de la especial, &#8220;El Matador&#8221; ha perdido ya 1h15&#8221; frente a Roma. Hoy han soplado otros vientos en el derbi espa\u00f1ol.<\/p>\n<p>Ahora bien, la confrontaci\u00f3n no se limita a este duelo hispano, puesto que aparecen otros cuatro Minis en los primeros puestos de la clasificaci\u00f3n general de Tucum\u00e1n. Piloto experimentado como es, Nani Roma deber\u00e1 ocuparse primero de la fogosidad de Nasser Al-Attiyah, que no tira la toalla a pesar de los 26&#8242; que los separan. &#8220;Orly&#8221; Terranova, a apenas 4 minutos del catar\u00ed, intentar\u00e1 por fuerza escalar posiciones en la tabla provisional de la prueba. Adem\u00e1s, es m\u00e1s que seguro que St\u00e9phane Peterhansel, que en estos momentos acumula un retraso de 39&#8242;, no se contentar\u00e1 en absoluto con la 4.\u00aa posici\u00f3n, sobre todo al sentirse espoleado por la amenaza del Toyota Hilux de Giniel De Villiers, 5.\u00ba a 41&#8242; de Roma. Por \u00faltimo, los aficionados estadounidenses han tenido hoy su primer motivo de alegr\u00eda en esta edici\u00f3n con la 3.\u00aa posici\u00f3n obtenida por Robby Gordon, a 20&#8242; de Roma. El piloto americano tiene la vista puesta en ganar una especial.<\/p>\n<p>La victoria en la especial de hoy en la competici\u00f3n de camiones ha sido para Dmitry Sotnikov, pero Gerard de Rooy domina con mano f\u00e9rrea la clasificaci\u00f3n general por delante de tres representantes del equipo Kamaz. Marcel van Vliet pierde el segundo puesto de la provisional tras ceder una hora larga frente a su compatriota.<\/p>\n<p><iframe loading=\"lazy\" src=\"http:\/\/www.dailymotion.com\/embed\/video\/x19ggb1\" width=\"480\" height=\"270\" frameborder=\"0\" allowfullscreen=\"allowfullscreen\"><\/iframe><br \/>\n<a href=\"http:\/\/www.dailymotion.com\/video\/x19ggb1_es-etapa-5-coche-moto-resumen-de-la-etapa-chilecito-tucuman_auto\" target=\"_blank\" rel=\"noopener noreferrer\">ES &#8211; Etapa 5 &#8211; Coche\/Moto &#8211; Resumen de la etapa&#8230;<\/a> <i>por <a href=\"http:\/\/www.dailymotion.com\/Dakar\" target=\"_blank\" rel=\"noopener noreferrer\">Dakar<\/a><\/i><\/p>\n<p>dakar.com<\/p>\n","protected":false},"excerpt":{"rendered":"<p>El triple vencedor de la prueba, Marc Coma ha puesto tierra de por medio con todos sus rivales en una etapa que ha habido que recortar debido a las temperaturas extremas, ya que supon\u00edan un peligro para la integridad de los pilotos. Por su parte, su vecino Nani Roma se vuelve a hacer con las [&hellip;]<\/p>\n","protected":false},"author":6,"featured_media":6086,"comment_status":"open","ping_status":"open","sticky":false,"template":"","format":"standard","meta":{"_seopress_robots_primary_cat":"none","_seopress_titles_title":"","_seopress_titles_desc":"","_seopress_robots_index":"","footnotes":""},"categories":[1],"tags":[1160,1486],"class_list":["post-6085","post","type-post","status-publish","format-standard","has-post-thumbnail","hentry","category-automovilismo","tag-dakar-2014","tag-dakar-2014-rally-dakar-2014"],"_links":{"self":[{"href":"https:\/\/www.cordobatimes.com\/deportes\/wp-json\/wp\/v2\/posts\/6085","targetHints":{"allow":["GET"]}}],"collection":[{"href":"https:\/\/www.cordobatimes.com\/deportes\/wp-json\/wp\/v2\/posts"}],"about":[{"href":"https:\/\/www.cordobatimes.com\/deportes\/wp-json\/wp\/v2\/types\/post"}],"author":[{"embeddable":true,"href":"https:\/\/www.cordobatimes.com\/deportes\/wp-json\/wp\/v2\/users\/6"}],"replies":[{"embeddable":true,"href":"https:\/\/www.cordobatimes.com\/deportes\/wp-json\/wp\/v2\/comments?post=6085"}],"version-history":[{"count":0,"href":"https:\/\/www.cordobatimes.com\/deportes\/wp-json\/wp\/v2\/posts\/6085\/revisions"}],"wp:featuredmedia":[{"embeddable":true,"href":"https:\/\/www.cordobatimes.com\/deportes\/wp-json\/wp\/v2\/media\/6086"}],"wp:attachment":[{"href":"https:\/\/www.cordobatimes.com\/deportes\/wp-json\/wp\/v2\/media?parent=6085"}],"wp:term":[{"taxonomy":"category","embeddable":true,"href":"https:\/\/www.cordobatimes.com\/deportes\/wp-json\/wp\/v2\/categories?post=6085"},{"taxonomy":"post_tag","embeddable":true,"href":"https:\/\/www.cordobatimes.com\/deportes\/wp-json\/wp\/v2\/tags?post=6085"}],"curies":[{"name":"wp","href":"https:\/\/api.w.org\/{rel}","templated":true}]}}