{"id":4755,"date":"2013-12-15T13:32:29","date_gmt":"2013-12-15T16:32:29","guid":{"rendered":"http:\/\/www.cordobatimes.com\/deportes\/?p=4755"},"modified":"2020-05-03T17:07:45","modified_gmt":"2020-05-03T20:07:45","slug":"river-elige-presidente","status":"publish","type":"post","link":"https:\/\/www.cordobatimes.com\/deportes\/futbol\/2013\/12\/15\/river-elige-presidente\/","title":{"rendered":"River eligi\u00f3 Presidente: Rodolfo D&#8217;Onofrio"},"content":{"rendered":"<h3 style=\"text-align: justify;\"><b>Luego de una elecci\u00f3n con record de votos, el candidato de \u201cUn Presidente para River\u201d, Rodolfo D`Onofrio, ser\u00e1 la m\u00e1xima autoridad del club \u201cmillonario\u201d por los pr\u00f3ximos cuatro a\u00f1os.<\/b><\/h3>\n<p style=\"text-align: justify;\">El mismo candidato que hab\u00eda sido derrotado por Passarella en la elecci\u00f3n pasada por muy pocos votos, logr\u00f3 derrotar a Antonio Caselli y es el nuevo presidente del club de Nu\u00f1ez. &#8220;Agradezco a los socios que me eligieron&#8221;, declar\u00f3 D`Onofrio tras la elecci\u00f3n.<\/p>\n<p style=\"text-align: justify;\">&#8220;Estamos a disposici\u00f3n para empezar ma\u00f1ana mismo. Vamos a poner en funcionamiento el proyecto que tenemos. La gente quer\u00eda un cambio, est\u00e1 cansada. Les prometo que vamos a hacer ese cambio que estamos necesitando&#8221;, afirm\u00f3 el nuevo dirigente.<\/p>\n<p style=\"text-align: justify;\">&#8220;Agradezco a los socios de River que me eligieron, vinieron a mostrar que River es grande y todos juntos vamos a cambiar a River&#8221;, expres\u00f3 D`Onofrio en conferencia de prensa.<\/p>\n<p style=\"text-align: justify;\">Para la votaci\u00f3n estuvieron habilitados 41.499 mil socios, sobre 42 mesas para sufragar. Cada uno de los 17.500 hinchas pudieron votar con la cuota social al d\u00eda y una antig\u00fcedad de tres a\u00f1os.<\/p>\n<p style=\"text-align: justify;\"><strong>Por Franco Badano | @badano_fran<\/strong><\/p>\n","protected":false},"excerpt":{"rendered":"<p>Luego de una elecci\u00f3n con record de votos, el candidato de \u201cUn Presidente para River\u201d, Rodolfo D`Onofrio, ser\u00e1 la m\u00e1xima autoridad del club \u201cmillonario\u201d por los pr\u00f3ximos cuatro a\u00f1os. El mismo candidato que hab\u00eda sido derrotado por Passarella en la elecci\u00f3n pasada por muy pocos votos, logr\u00f3 derrotar a Antonio Caselli y es el nuevo [&hellip;]<\/p>\n","protected":false},"author":2,"featured_media":4790,"comment_status":"open","ping_status":"open","sticky":false,"template":"","format":"standard","meta":{"_seopress_robots_primary_cat":"none","_seopress_titles_title":"","_seopress_titles_desc":"","_seopress_robots_index":"","footnotes":""},"categories":[2,16],"tags":[1109,1106,1107,1105,1108,376,74],"class_list":["post-4755","post","type-post","status-publish","format-standard","has-post-thumbnail","hentry","category-futbol","category-primera-division","tag-avila","tag-caselli","tag-donofrio","tag-elecciones-2013","tag-kiper","tag-passarella","tag-river"],"_links":{"self":[{"href":"https:\/\/www.cordobatimes.com\/deportes\/wp-json\/wp\/v2\/posts\/4755","targetHints":{"allow":["GET"]}}],"collection":[{"href":"https:\/\/www.cordobatimes.com\/deportes\/wp-json\/wp\/v2\/posts"}],"about":[{"href":"https:\/\/www.cordobatimes.com\/deportes\/wp-json\/wp\/v2\/types\/post"}],"author":[{"embeddable":true,"href":"https:\/\/www.cordobatimes.com\/deportes\/wp-json\/wp\/v2\/users\/2"}],"replies":[{"embeddable":true,"href":"https:\/\/www.cordobatimes.com\/deportes\/wp-json\/wp\/v2\/comments?post=4755"}],"version-history":[{"count":0,"href":"https:\/\/www.cordobatimes.com\/deportes\/wp-json\/wp\/v2\/posts\/4755\/revisions"}],"wp:featuredmedia":[{"embeddable":true,"href":"https:\/\/www.cordobatimes.com\/deportes\/wp-json\/wp\/v2\/media\/4790"}],"wp:attachment":[{"href":"https:\/\/www.cordobatimes.com\/deportes\/wp-json\/wp\/v2\/media?parent=4755"}],"wp:term":[{"taxonomy":"category","embeddable":true,"href":"https:\/\/www.cordobatimes.com\/deportes\/wp-json\/wp\/v2\/categories?post=4755"},{"taxonomy":"post_tag","embeddable":true,"href":"https:\/\/www.cordobatimes.com\/deportes\/wp-json\/wp\/v2\/tags?post=4755"}],"curies":[{"name":"wp","href":"https:\/\/api.w.org\/{rel}","templated":true}]}}