{"id":4752,"date":"2013-12-15T12:21:27","date_gmt":"2013-12-15T15:21:27","guid":{"rendered":"http:\/\/www.cordobatimes.com\/deportes\/?p=4752"},"modified":"2020-05-03T17:07:33","modified_gmt":"2020-05-03T20:07:33","slug":"el-chino-maidana-es-el-nuevo-campeon-mundial-welter","status":"publish","type":"post","link":"https:\/\/www.cordobatimes.com\/deportes\/boxeo\/2013\/12\/15\/el-chino-maidana-es-el-nuevo-campeon-mundial-welter\/","title":{"rendered":"Por puntos, el \u201cChino\u201d Maidana le quit\u00f3 el t\u00edtulo mundial Welter a Broner"},"content":{"rendered":"<h3 style=\"text-align: justify;\"><b>En una actuaci\u00f3n destacada, el argentino Marcos Maidana se alz\u00f3 con el t\u00edtulo Welter de la AMB. El santafecino derrot\u00f3 a Adrien Broner, quien era invicto en la competici\u00f3n. El triunfo fue por puntos, en fallo un\u00e1nime. <\/b><\/h3>\n<p style=\"text-align: justify;\">La pelea se dio en el estadio cerrado del AlamoDome de San Antonio. El nuevo campe\u00f3n derrib\u00f3 a su rival en el segundo y en el octavo rounds, y lo tuvo al borde del nocaut en el primero y en el noveno, para llevarse la decisi\u00f3n en las tarjetas por 115-110, 116-109 y 117-109.<\/p>\n<blockquote class=\"twitter-tweet\" lang=\"es\"><p>Tremenda alegr\u00eda!! Muchas gracias a todos los que me apoyaron y confiaron en m\u00ed! Especialmente a la Raza y a Argentina! Un abrazo para todos<\/p>\n<p>\u2014 Marcos Ren\u00e9 Maidana (@ChinoMaidana) <a href=\"https:\/\/twitter.com\/ChinoMaidana\/statuses\/412149939578224640\">diciembre 15, 2013<\/a><\/p><\/blockquote>\n<p>&nbsp;<\/p>\n<p style=\"text-align: justify;\">El argentino gan\u00f3 la pelea desde el principio. Fue superior en todo el encuentro. En el final se hab\u00eda emparejado pero apareci\u00f3 de nuevo el sello del Chino, quien tir\u00f3 a Broner dos veces a la lona a lo largo de la pelea. As\u00ed, Maidana de 66, 340 kilos le supo arrebatar el t\u00edtulo a Adrien Broner de 65, 545, en un fallo un\u00e1nime y ganar de esta manera el galard\u00f3n mundial welter AMB.<\/p>\n<p><iframe loading=\"lazy\" src=\"\/\/www.youtube.com\/embed\/i_edKVcfMgg\" width=\"560\" height=\"315\" frameborder=\"0\" allowfullscreen=\"allowfullscreen\"><\/iframe><\/p>\n<p style=\"text-align: justify;\"><strong>Por Franco Badano | @badano_fran<\/strong><\/p>\n","protected":false},"excerpt":{"rendered":"<p>En una actuaci\u00f3n destacada, el argentino Marcos Maidana se alz\u00f3 con el t\u00edtulo Welter de la AMB. El santafecino derrot\u00f3 a Adrien Broner, quien era invicto en la competici\u00f3n. El triunfo fue por puntos, en fallo un\u00e1nime. La pelea se dio en el estadio cerrado del AlamoDome de San Antonio. El nuevo campe\u00f3n derrib\u00f3 a [&hellip;]<\/p>\n","protected":false},"author":20,"featured_media":4753,"comment_status":"open","ping_status":"open","sticky":false,"template":"","format":"standard","meta":{"_seopress_robots_primary_cat":"none","_seopress_titles_title":"","_seopress_titles_desc":"","_seopress_robots_index":"","footnotes":""},"categories":[7],"tags":[1102,1103,1101,1104],"class_list":["post-4752","post","type-post","status-publish","format-standard","has-post-thumbnail","hentry","category-boxeo","tag-adrien-broner","tag-amb","tag-chino-maidana","tag-titulo-welter"],"_links":{"self":[{"href":"https:\/\/www.cordobatimes.com\/deportes\/wp-json\/wp\/v2\/posts\/4752","targetHints":{"allow":["GET"]}}],"collection":[{"href":"https:\/\/www.cordobatimes.com\/deportes\/wp-json\/wp\/v2\/posts"}],"about":[{"href":"https:\/\/www.cordobatimes.com\/deportes\/wp-json\/wp\/v2\/types\/post"}],"author":[{"embeddable":true,"href":"https:\/\/www.cordobatimes.com\/deportes\/wp-json\/wp\/v2\/users\/20"}],"replies":[{"embeddable":true,"href":"https:\/\/www.cordobatimes.com\/deportes\/wp-json\/wp\/v2\/comments?post=4752"}],"version-history":[{"count":0,"href":"https:\/\/www.cordobatimes.com\/deportes\/wp-json\/wp\/v2\/posts\/4752\/revisions"}],"wp:featuredmedia":[{"embeddable":true,"href":"https:\/\/www.cordobatimes.com\/deportes\/wp-json\/wp\/v2\/media\/4753"}],"wp:attachment":[{"href":"https:\/\/www.cordobatimes.com\/deportes\/wp-json\/wp\/v2\/media?parent=4752"}],"wp:term":[{"taxonomy":"category","embeddable":true,"href":"https:\/\/www.cordobatimes.com\/deportes\/wp-json\/wp\/v2\/categories?post=4752"},{"taxonomy":"post_tag","embeddable":true,"href":"https:\/\/www.cordobatimes.com\/deportes\/wp-json\/wp\/v2\/tags?post=4752"}],"curies":[{"name":"wp","href":"https:\/\/api.w.org\/{rel}","templated":true}]}}