{"id":44996,"date":"2022-03-31T17:24:02","date_gmt":"2022-03-31T20:24:02","guid":{"rendered":"https:\/\/www.cordobatimes.com\/deportes\/?p=44996"},"modified":"2022-03-31T17:24:14","modified_gmt":"2022-03-31T20:24:14","slug":"las-5-selecciones-historicas-que-no-estaran-en-qatar-2022","status":"publish","type":"post","link":"https:\/\/www.cordobatimes.com\/deportes\/futbol\/2022\/03\/31\/las-5-selecciones-historicas-que-no-estaran-en-qatar-2022\/","title":{"rendered":"Las 5 selecciones hist\u00f3ricas que no estar\u00e1n en Qatar 2022"},"content":{"rendered":"<h3 class=\"description\"><strong>El sorteo del Mundial de Qatar 2022 se llevar\u00e1 a cabo este viernes 1\u00b0 de abril con algunas ausencias de peso: desde Italia hasta un subcampe\u00f3n del mundo.<\/strong><\/h3>\n<p>Este viernes 1\u00b0 de abril se realizar\u00e1 el <b>sorteo de la<\/b>\u00a0<b>Copa del Mundo Qatar 2022<\/b>\u00a0en el Centro de Exposiciones y Congresos de Doha, a las 13 horas de la Argentina. Si bien todav\u00eda restan definirse tres plazas del repechaje, hay algunas\u00a0<b>selecciones hist\u00f3ricas que ya saben que no disputar\u00e1n el pr\u00f3ximo Mundial<\/b>. A continuaci\u00f3n, un repaso por las m\u00e1s importantes.<\/p>\n<h2>Selecci\u00f3n de Italia: la gran ausencia de Qatar 2022<\/h2>\n<p>Una de las grandes sorpresas de las Eliminatorias UEFA fue la\u00a0<b>eliminaci\u00f3n de Italia a manos de Macedonia del Norte<\/b>\u00a0en la primer a instancia del repechaje europeo.\u00a0<b>La\u00a0<i>Azzurra<\/i>\u00a0ven\u00eda de ser campeona de la Eurocopa 2020<\/b>\u00a0y ten\u00eda todo servido para meterse directo en el Mundial tras su ausencia en Rusia 2018. Sin embargo,<b>\u00a0un empate con Suiza (Jorginho fall\u00f3 un penal a los 90 minutos) y otro con Irlanda del Norte lo condenaron al repechaje<\/b>\u00a0que terminar\u00eda en uno de los bochornos m\u00e1s grandes de la selecci\u00f3n italiana.<\/p>\n<figure class=\"w-100\"><img decoding=\"async\" title=\"Italia Claudio Villa\/Getty Images\" src=\"https:\/\/media.tycsports.com\/files\/2022\/03\/25\/406894\/italia-claudio-villagetty-images_w416.jpg\" srcset=\"https:\/\/media.tycsports.com\/files\/2022\/03\/25\/406894\/italia-claudio-villagetty-images_w416.jpg 480w, https:\/\/media.tycsports.com\/files\/2022\/03\/25\/406894\/italia-claudio-villagetty-images_w862.jpg 1080w\" alt=\"Italia Claudio Villa\/Getty Images\" data-src=\"https:\/\/media.tycsports.com\/files\/2022\/03\/25\/406894\/italia-claudio-villagetty-images_w416.jpg\" data-srcset=\"https:\/\/media.tycsports.com\/files\/2022\/03\/25\/406894\/italia-claudio-villagetty-images_w416.jpg 480w, https:\/\/media.tycsports.com\/files\/2022\/03\/25\/406894\/italia-claudio-villagetty-images_w862.jpg 1080w\" \/><\/figure>\n<h2>Selecci\u00f3n de Nigeria: el eterno rival de Argentina que no estar\u00e1 en Qatar 2022<\/h2>\n<p>Si se habla de la Selecci\u00f3n Argentina y la fase de grupos de la Copa del Mundo, uno de los primeros pa\u00edses que salta a la mente es Nigeria. El combinado africano\u00a0<b>comparti\u00f3 zona con la Albiceleste en cuatro de los \u00faltimos cinco Mundiales<\/b>. No obstante, esta vez\u00a0<b>qued\u00f3 eliminado por gol de visitante tras empatar 1-1 ante Ghana<\/b>\u00a0en el global de la Fase 3 de las Eliminatorias Africanas.<\/p>\n<figure class=\"w-100\"><img decoding=\"async\" title=\"Nigeria\" src=\"https:\/\/media.tycsports.com\/files\/2022\/03\/30\/408796\/nigeria_w416.jpg\" srcset=\"https:\/\/media.tycsports.com\/files\/2022\/03\/30\/408796\/nigeria_w416.jpg 480w, https:\/\/media.tycsports.com\/files\/2022\/03\/30\/408796\/nigeria_w862.jpg 1080w\" alt=\"Nigeria\" data-src=\"https:\/\/media.tycsports.com\/files\/2022\/03\/30\/408796\/nigeria_w416.jpg\" data-srcset=\"https:\/\/media.tycsports.com\/files\/2022\/03\/30\/408796\/nigeria_w416.jpg 480w, https:\/\/media.tycsports.com\/files\/2022\/03\/30\/408796\/nigeria_w862.jpg 1080w\" \/><\/figure>\n<h2>Selecci\u00f3n de Colombia: la decepci\u00f3n de las Eliminatorias Sudamericanas rumbo a Qatar 2022<\/h2>\n<p>El conjunto cafetero afront\u00f3 su camino al Mundial con uno de los mejores planteles que se recuerden a lo largo de su historia, pero una sequ\u00eda de\u00a0<b>siete partidos sin convertir<\/b>\u00a0y una sorpresiva\u00a0<b>derrota por 1-0 ante Per\u00fa en Barranquilla<\/b>\u00a0lo hicieron quedar a\u00a0<b>una sola unidad del repechaje<\/b>. Su punto m\u00e1s bajo en la Eliminatoria fue la\u00a0<b>goleada en contra por 6-1 con Ecuador<\/b>, aunque en el medio consiguieron un\u00a0<b>tercer puesto en la Copa Am\u00e9rica<\/b>.<\/p>\n<figure class=\"w-100\"><img decoding=\"async\" title=\"Colombia (Edilzon Gamez\/Getty Images)\" src=\"https:\/\/media.tycsports.com\/files\/2022\/03\/30\/408800\/colombia-edilzon-gamezgetty-images_w416.jpg\" srcset=\"https:\/\/media.tycsports.com\/files\/2022\/03\/30\/408800\/colombia-edilzon-gamezgetty-images_w416.jpg 480w, https:\/\/media.tycsports.com\/files\/2022\/03\/30\/408800\/colombia-edilzon-gamezgetty-images_w862.jpg 1080w\" alt=\"Colombia (Edilzon Gamez\/Getty Images)\" data-src=\"https:\/\/media.tycsports.com\/files\/2022\/03\/30\/408800\/colombia-edilzon-gamezgetty-images_w416.jpg\" data-srcset=\"https:\/\/media.tycsports.com\/files\/2022\/03\/30\/408800\/colombia-edilzon-gamezgetty-images_w416.jpg 480w, https:\/\/media.tycsports.com\/files\/2022\/03\/30\/408800\/colombia-edilzon-gamezgetty-images_w862.jpg 1080w\" \/><\/figure>\n<h2>Selecci\u00f3n de Suecia: el subcampe\u00f3n del Mundo que se qued\u00f3 a las puertas de Qatar 2022<\/h2>\n<p>Los suecos, que\u00a0<b>perdieron la final de la Copa del Mundo 1958<\/b>\u00a0y obtuvieron dos terceros puestos en Brasil 1950 y Estados Unidos 1994 respectivamente,\u00a0<b>cayeron por 2-0 ante Polonia en la \u00faltima instancia de las Eliminatorias UEFA<\/b>. De esta manera,\u00a0<b>Zlatan Ibrahimovic<\/b>\u00a0y compa\u00f1\u00eda se quedaron afuera del Mundial. Cabe recordar que\u00a0<b>en Rusia 2018 hab\u00edan llegado hasta cuartos de final<\/b>\u00a0tras superar con \u00e9xito el grupo que compartieron con Alemania, M\u00e9xico y Corea del Sur.<\/p>\n<figure class=\"w-100\"><img decoding=\"async\" title=\"Ibrahimovic (PressFocus\/MB Media\/Getty Images)\" src=\"https:\/\/media.tycsports.com\/files\/2022\/03\/30\/408803\/ibrahimovic-pressfocusmb-mediagetty-images_w416.jpg\" srcset=\"https:\/\/media.tycsports.com\/files\/2022\/03\/30\/408803\/ibrahimovic-pressfocusmb-mediagetty-images_w416.jpg 480w, https:\/\/media.tycsports.com\/files\/2022\/03\/30\/408803\/ibrahimovic-pressfocusmb-mediagetty-images_w862.jpg 1080w\" alt=\"Ibrahimovic (PressFocus\/MB Media\/Getty Images)\" data-src=\"https:\/\/media.tycsports.com\/files\/2022\/03\/30\/408803\/ibrahimovic-pressfocusmb-mediagetty-images_w416.jpg\" data-srcset=\"https:\/\/media.tycsports.com\/files\/2022\/03\/30\/408803\/ibrahimovic-pressfocusmb-mediagetty-images_w416.jpg 480w, https:\/\/media.tycsports.com\/files\/2022\/03\/30\/408803\/ibrahimovic-pressfocusmb-mediagetty-images_w862.jpg 1080w\" \/><\/figure>\n<h2>Selecci\u00f3n de Chile: ciclo terminado y nuevamente sin Mundial<\/h2>\n<p>La Roja\u00a0<b>volvi\u00f3 a quedarse afuera de la Copa del Mundo tras su ausencia en Rusia 2018<\/b>. Si bien supo consagrarse campe\u00f3n de la Copa Am\u00e9rica dos veces consecutivas y renov\u00f3 parte del plantel, la Selecci\u00f3n de Chile\u00a0<b>finaliz\u00f3 s\u00e9ptima<\/b>\u00a0y todo parece indicar que fueron las\u00a0<b>\u00faltimas Eliminatorias de pilares como Arturo Vidal, Gary Medel, Mauricio Isla o Alexis S\u00e1nchez<\/b>.<\/p>\n<figure class=\"w-100\"><img decoding=\"async\" title=\"Chile - Arturo Vidal (Alberto Valdez\/Getty Images)\" src=\"https:\/\/media.tycsports.com\/files\/2022\/03\/30\/408810\/chile-arturo-vidal-alberto-valdezgetty-images_w416.jpg\" srcset=\"https:\/\/media.tycsports.com\/files\/2022\/03\/30\/408810\/chile-arturo-vidal-alberto-valdezgetty-images_w416.jpg 480w, https:\/\/media.tycsports.com\/files\/2022\/03\/30\/408810\/chile-arturo-vidal-alberto-valdezgetty-images_w862.jpg 1080w\" alt=\"Chile - Arturo Vidal (Alberto Valdez\/Getty Images)\" data-src=\"https:\/\/media.tycsports.com\/files\/2022\/03\/30\/408810\/chile-arturo-vidal-alberto-valdezgetty-images_w416.jpg\" data-srcset=\"https:\/\/media.tycsports.com\/files\/2022\/03\/30\/408810\/chile-arturo-vidal-alberto-valdezgetty-images_w416.jpg 480w, https:\/\/media.tycsports.com\/files\/2022\/03\/30\/408810\/chile-arturo-vidal-alberto-valdezgetty-images_w862.jpg 1080w\" \/><\/figure>\n<p><i>Fotos: Claudio Villa\/Getty Images, Edilzon Gamez\/Getty Images, PressFocus\/MB Media\/Getty Images y Alberto Valdez\/Getty Images<\/i><\/p>\n","protected":false},"excerpt":{"rendered":"<p>El sorteo del Mundial de Qatar 2022 se llevar\u00e1 a cabo este viernes 1\u00b0 de abril con algunas ausencias de peso: desde Italia hasta un subcampe\u00f3n del mundo. Este viernes 1\u00b0 de abril se realizar\u00e1 el sorteo de la\u00a0Copa del Mundo Qatar 2022\u00a0en el Centro de Exposiciones y Congresos de Doha, a las 13 horas [&hellip;]<\/p>\n","protected":false},"author":20,"featured_media":44998,"comment_status":"closed","ping_status":"closed","sticky":false,"template":"","format":"standard","meta":{"_seopress_robots_primary_cat":"none","_seopress_titles_title":"","_seopress_titles_desc":"","_seopress_robots_index":"","footnotes":""},"categories":[2],"tags":[8606],"class_list":["post-44996","post","type-post","status-publish","format-standard","has-post-thumbnail","hentry","category-futbol","tag-mundial-de-qatar-2022"],"_links":{"self":[{"href":"https:\/\/www.cordobatimes.com\/deportes\/wp-json\/wp\/v2\/posts\/44996","targetHints":{"allow":["GET"]}}],"collection":[{"href":"https:\/\/www.cordobatimes.com\/deportes\/wp-json\/wp\/v2\/posts"}],"about":[{"href":"https:\/\/www.cordobatimes.com\/deportes\/wp-json\/wp\/v2\/types\/post"}],"author":[{"embeddable":true,"href":"https:\/\/www.cordobatimes.com\/deportes\/wp-json\/wp\/v2\/users\/20"}],"replies":[{"embeddable":true,"href":"https:\/\/www.cordobatimes.com\/deportes\/wp-json\/wp\/v2\/comments?post=44996"}],"version-history":[{"count":1,"href":"https:\/\/www.cordobatimes.com\/deportes\/wp-json\/wp\/v2\/posts\/44996\/revisions"}],"predecessor-version":[{"id":45062,"href":"https:\/\/www.cordobatimes.com\/deportes\/wp-json\/wp\/v2\/posts\/44996\/revisions\/45062"}],"wp:featuredmedia":[{"embeddable":true,"href":"https:\/\/www.cordobatimes.com\/deportes\/wp-json\/wp\/v2\/media\/44998"}],"wp:attachment":[{"href":"https:\/\/www.cordobatimes.com\/deportes\/wp-json\/wp\/v2\/media?parent=44996"}],"wp:term":[{"taxonomy":"category","embeddable":true,"href":"https:\/\/www.cordobatimes.com\/deportes\/wp-json\/wp\/v2\/categories?post=44996"},{"taxonomy":"post_tag","embeddable":true,"href":"https:\/\/www.cordobatimes.com\/deportes\/wp-json\/wp\/v2\/tags?post=44996"}],"curies":[{"name":"wp","href":"https:\/\/api.w.org\/{rel}","templated":true}]}}