{"id":44940,"date":"2021-10-06T17:28:19","date_gmt":"2021-10-06T20:28:19","guid":{"rendered":"https:\/\/www.cordobatimes.com\/deportes\/?p=44940"},"modified":"2021-10-06T17:32:20","modified_gmt":"2021-10-06T20:32:20","slug":"dolor-por-el-fallecimiento-de-marcelo-vivo-un-iconico-relator-y-periodista-del-automovilismo","status":"publish","type":"post","link":"https:\/\/www.cordobatimes.com\/deportes\/automovilismo\/2021\/10\/06\/dolor-por-el-fallecimiento-de-marcelo-vivo-un-iconico-relator-y-periodista-del-automovilismo\/","title":{"rendered":"Dolor por el fallecimiento de Marcelo Vivo, un ic\u00f3nico relator y periodista del automovilismo"},"content":{"rendered":"<h3 class=\"bajada\"><strong>La Comisi\u00f3n Directiva del Turismo Carretera confirm\u00f3 la muerte del relator que se desempe\u00f1aba en la TV P\u00fablica.<\/strong><\/h3>\n<p>La tarde del mi\u00e9rcoles entreg\u00f3 una triste noticia para el automovilismo argentino: muri\u00f3\u00a0<strong>Marcelo Vivo<\/strong>, relator que tuvo a cargo en los \u00faltimos a\u00f1os las transmisiones del\u00a0<strong>Turismo Carretera<\/strong>, TC Mouras y TC Pick Up. La ACTC, mediante un escueto comunicado, lo dio a conocer y envi\u00f3 sus condolencias por lo sucedido.<\/p>\n<p>&#8220;La Comisi\u00f3n Directiva y la familia del Turismo Carretera, al cual acompa\u00f1\u00f3 durante much\u00edsimo tiempo como la voz oficial en cada una de las competencias, le env\u00edan sus m\u00e1s sinceras condolencias y su m\u00e1s sentido p\u00e9same a los familiares y amigos de Marcelo, un gran relator, un impecable profesional, un compa\u00f1ero con todas las letras y sobre todo una excelente persona&#8221;, escribieron.<\/p>\n<p>Inmediatamente, las redes sociales se hicieron eco de la novedad y el mundo tuerca lo despidi\u00f3 con sentidas palabras ya que se gan\u00f3 el coraz\u00f3n de los tece\u00edstas con sus conmovedores relatos.<\/p>\n<blockquote class=\"twitter-tweet\" data-width=\"550\" data-dnt=\"true\">\n<p lang=\"es\" dir=\"ltr\">No lo puedo creer.<br \/>Estoy desvastado con la noticia.<br \/>Falleci\u00f3 mi amigo Marcelo Vivo.<br \/>Sin palabras.<br \/>Enorme abrazo a la familia.<br \/>QEPD Marce <a href=\"https:\/\/t.co\/cOF34pVHPl\">pic.twitter.com\/cOF34pVHPl<\/a><\/p>\n<p>&mdash; Eduardo Ruiz (@ruizeduardom) <a href=\"https:\/\/twitter.com\/ruizeduardom\/status\/1445830540465033228?ref_src=twsrc%5Etfw\">October 6, 2021<\/a><\/p><\/blockquote>\n<p><script async src=\"https:\/\/platform.twitter.com\/widgets.js\" charset=\"utf-8\"><\/script><\/p>\n<blockquote class=\"twitter-tweet\" data-width=\"550\" data-dnt=\"true\">\n<p lang=\"es\" dir=\"ltr\">Desde Carburando lamentamos la p\u00e9rdida de Marcelo Vivo y le enviamos nuestras condolencias a su familia y amigos.<\/p>\n<p>Por siempre en el recuerdo de los amantes del automovilismo \ud83d\ude4f<\/p>\n<p>&mdash; Carburando (@CarburandoTV) <a href=\"https:\/\/twitter.com\/CarburandoTV\/status\/1445835933790752770?ref_src=twsrc%5Etfw\">October 6, 2021<\/a><\/p><\/blockquote>\n<p><script async src=\"https:\/\/platform.twitter.com\/widgets.js\" charset=\"utf-8\"><\/script><\/p>\n<blockquote class=\"twitter-tweet\" data-width=\"550\" data-dnt=\"true\">\n<p lang=\"es\" dir=\"ltr\">Le puso la voz y el alma a la pasi\u00f3n m\u00e1s grande que tenemos. QEPD Marcelo Vivo \ud83d\udc94 <a href=\"https:\/\/t.co\/RQ3mbG7LJP\">pic.twitter.com\/RQ3mbG7LJP<\/a><\/p>\n<p>&mdash; Mauricio Lambiris (@maurilambiris6) <a href=\"https:\/\/twitter.com\/maurilambiris6\/status\/1445843906130743299?ref_src=twsrc%5Etfw\">October 6, 2021<\/a><\/p><\/blockquote>\n<p><script async src=\"https:\/\/platform.twitter.com\/widgets.js\" charset=\"utf-8\"><\/script><\/p>\n<div class=\"autor-share-holder\">\n<div class=\"autor\"><\/div>\n<\/div>\n<p><iframe loading=\"lazy\" title=\"Omar &#039;Gur\u00ed&#039; Mart\u00ednez gana la carrera del TC en Toay\" width=\"696\" height=\"392\" src=\"https:\/\/www.youtube.com\/embed\/FqDjdEkImqI?feature=oembed\" frameborder=\"0\" allow=\"accelerometer; autoplay; clipboard-write; encrypted-media; gyroscope; picture-in-picture\" allowfullscreen><\/iframe><\/p>\n","protected":false},"excerpt":{"rendered":"<p>La Comisi\u00f3n Directiva del Turismo Carretera confirm\u00f3 la muerte del relator que se desempe\u00f1aba en la TV P\u00fablica. La tarde del mi\u00e9rcoles entreg\u00f3 una triste noticia para el automovilismo argentino: muri\u00f3\u00a0Marcelo Vivo, relator que tuvo a cargo en los \u00faltimos a\u00f1os las transmisiones del\u00a0Turismo Carretera, TC Mouras y TC Pick Up. La ACTC, mediante un [&hellip;]<\/p>\n","protected":false},"author":20,"featured_media":44942,"comment_status":"closed","ping_status":"closed","sticky":false,"template":"","format":"standard","meta":{"_seopress_robots_primary_cat":"none","_seopress_titles_title":"","_seopress_titles_desc":"","_seopress_robots_index":"","footnotes":""},"categories":[1,9],"tags":[8596],"class_list":["post-44940","post","type-post","status-publish","format-standard","has-post-thumbnail","hentry","category-automovilismo","category-tc","tag-fallecimiento-de-marcelo-vivo"],"_links":{"self":[{"href":"https:\/\/www.cordobatimes.com\/deportes\/wp-json\/wp\/v2\/posts\/44940","targetHints":{"allow":["GET"]}}],"collection":[{"href":"https:\/\/www.cordobatimes.com\/deportes\/wp-json\/wp\/v2\/posts"}],"about":[{"href":"https:\/\/www.cordobatimes.com\/deportes\/wp-json\/wp\/v2\/types\/post"}],"author":[{"embeddable":true,"href":"https:\/\/www.cordobatimes.com\/deportes\/wp-json\/wp\/v2\/users\/20"}],"replies":[{"embeddable":true,"href":"https:\/\/www.cordobatimes.com\/deportes\/wp-json\/wp\/v2\/comments?post=44940"}],"version-history":[{"count":0,"href":"https:\/\/www.cordobatimes.com\/deportes\/wp-json\/wp\/v2\/posts\/44940\/revisions"}],"wp:featuredmedia":[{"embeddable":true,"href":"https:\/\/www.cordobatimes.com\/deportes\/wp-json\/wp\/v2\/media\/44942"}],"wp:attachment":[{"href":"https:\/\/www.cordobatimes.com\/deportes\/wp-json\/wp\/v2\/media?parent=44940"}],"wp:term":[{"taxonomy":"category","embeddable":true,"href":"https:\/\/www.cordobatimes.com\/deportes\/wp-json\/wp\/v2\/categories?post=44940"},{"taxonomy":"post_tag","embeddable":true,"href":"https:\/\/www.cordobatimes.com\/deportes\/wp-json\/wp\/v2\/tags?post=44940"}],"curies":[{"name":"wp","href":"https:\/\/api.w.org\/{rel}","templated":true}]}}