{"id":44757,"date":"2020-05-11T18:04:18","date_gmt":"2020-05-11T21:04:18","guid":{"rendered":"https:\/\/www.cordobatimes.com\/deportes\/?p=44757"},"modified":"2020-05-11T18:04:54","modified_gmt":"2020-05-11T21:04:54","slug":"la-premier-league-tiene-autorizacion-para-volver-a-partir-de-junio","status":"publish","type":"post","link":"https:\/\/www.cordobatimes.com\/deportes\/futbol-internacional\/2020\/05\/11\/la-premier-league-tiene-autorizacion-para-volver-a-partir-de-junio\/","title":{"rendered":"La Premier League tiene autorizaci\u00f3n para volver a partir de junio"},"content":{"rendered":"<p><strong>El Gobierno de Gran Breta\u00f1a anunci\u00f3 este lunes que a partir del pr\u00f3ximo 1 de junio el deporte profesional, entre ellos la Premier League\u00a0de f\u00fatbol, podr\u00e1 retomar la actividad, siempre a puertas cerradas, en medio de la pandemia del coronavirus.<\/strong><\/p>\n<p>El gobierno encabezado por el primer ministro Boris Johnson hizo p\u00fablico un documento orientativo de 50 p\u00e1ginas para el regreso de los deportes profesionales en el pa\u00eds, en el que habl\u00f3 espec\u00edficamente del\u00a0<strong>f\u00fatbol<\/strong>.<\/p>\n<div class=\"w-100 text-center ads-container float-left\">\n<div id=\"eplAdDiv728x90x1\" class=\"ads-space text-center ads-middle-body d-none d-xl-block\" data-id=\"728x90x1\" data-w=\"728\" data-h=\"90\" data-loaded=\"true\" data-reload=\"false\">\n<p>Seg\u00fan este documento, ning\u00fan\u00a0<strong>deporte profesional<\/strong>, ni jug\u00e1ndose a puerta cerrada, podr\u00e1 tener lugar antes del 1 de junio, bajo la aclaraci\u00f3n de lograr un &#8220;control&#8221; de la pandemia.<\/p>\n<p>El Reino Unido opt\u00f3 por &#8220;permitir que los eventos culturales y deportivos se realicen a puerta cerrada para su retransmisi\u00f3n, evitando el riesgo de contacto social a gran escala&#8221;, en el marco de un contrato que asegura\u00a0<strong>800 millones de euros en derechos televisivos de la Premier League.<\/strong><\/p>\n<p>Adem\u00e1s, la apertura de los estadios &#8220;puede que s\u00f3lo sea completamente posible significativamente m\u00e1s tarde dependiendo de la reducci\u00f3n en el n\u00famero de infecciones&#8221;, seg\u00fan el documento.<\/p>\n<p>La confirmaci\u00f3n se produjo el mismo d\u00eda en que los clubes de la Premier League -Primera Divisi\u00f3n inglesa- tienen previsto reunirse en forma virtual para charlar sobre el &#8220;Project Restart&#8221; -Proyecto Reinicio-.<\/p>\n<p><strong>La competencia est\u00e1 frenada desde el 13 de marzo\u00a0<\/strong>y sin partidos oficiales desde el 9, y resultar\u00e1 clave lo que ocurra el jueves cuando los expertos m\u00e9dicos del Gobierno y la\u00a0<strong>Liga inglesa<\/strong>\u00a0se reunir\u00e1n para estudiar el protocolo de vuelta. En principio, los entrenamientos dentro de las ciudades deportivas de los clubes est\u00e1n proyectados a partir del 18 de mayo pr\u00f3ximo. Algunos clubes como el Arsenal o el Tottenham ya han abiertos sus centros de entrenamiento para trabajos individuales.<\/p>\n<p>El 12 de junio ser\u00eda la fecha deseada para reanudar una\u00a0<strong>temporada a la que le quedan nueve jornadas<\/strong>\u00a0y que tiene al Liverpool como l\u00edder, con 82 puntos, seguido de lejos por el Manchester Citi (57), por lo que se encamina a lograr el primer t\u00edtulo de Premier League, desde la creaci\u00f3n del torneo en 1992.<\/p>\n<p>Una de las opciones es que los 92 partidos restantes se jueguen en campos neutrales, aunque clubes como el Watford, el Brighton (que anunci\u00f3 tres casos positivos en su plantel), el West Ham, el Aston Villa, el Norwich o el Bournemouth se manifestaron en contra.<\/p>\n<p><strong>Fuente:\u00a0<\/strong>NA<a href=\"https:\/\/www.cordobatimes.com\/deportes\/wp-content\/uploads\/2020\/05\/premier-league.jpg\"><img loading=\"lazy\" decoding=\"async\" class=\"alignnone size-medium wp-image-44759\" src=\"https:\/\/www.cordobatimes.com\/deportes\/wp-content\/uploads\/2020\/05\/premier-league-300x170.jpg\" alt=\"\" width=\"300\" height=\"170\" srcset=\"https:\/\/www.cordobatimes.com\/deportes\/wp-content\/uploads\/2020\/05\/premier-league-300x170.jpg 300w, https:\/\/www.cordobatimes.com\/deportes\/wp-content\/uploads\/2020\/05\/premier-league-768x435.jpg 768w, https:\/\/www.cordobatimes.com\/deportes\/wp-content\/uploads\/2020\/05\/premier-league-696x394.jpg 696w, https:\/\/www.cordobatimes.com\/deportes\/wp-content\/uploads\/2020\/05\/premier-league-741x420.jpg 741w, https:\/\/www.cordobatimes.com\/deportes\/wp-content\/uploads\/2020\/05\/premier-league.jpg 978w\" sizes=\"auto, (max-width: 300px) 100vw, 300px\" \/><\/a><\/p>\n<\/div>\n<\/div>\n","protected":false},"excerpt":{"rendered":"<p>El Gobierno de Gran Breta\u00f1a anunci\u00f3 este lunes que a partir del pr\u00f3ximo 1 de junio el deporte profesional, entre ellos la Premier League\u00a0de f\u00fatbol, podr\u00e1 retomar la actividad, siempre a puertas cerradas, en medio de la pandemia del coronavirus. El gobierno encabezado por el primer ministro Boris Johnson hizo p\u00fablico un documento orientativo de [&hellip;]<\/p>\n","protected":false},"author":1,"featured_media":44759,"comment_status":"closed","ping_status":"closed","sticky":false,"template":"","format":"standard","meta":{"_seopress_robots_primary_cat":"none","_seopress_titles_title":"","_seopress_titles_desc":"","_seopress_robots_index":"","footnotes":""},"categories":[18],"tags":[],"class_list":["post-44757","post","type-post","status-publish","format-standard","has-post-thumbnail","hentry","category-futbol-internacional"],"_links":{"self":[{"href":"https:\/\/www.cordobatimes.com\/deportes\/wp-json\/wp\/v2\/posts\/44757","targetHints":{"allow":["GET"]}}],"collection":[{"href":"https:\/\/www.cordobatimes.com\/deportes\/wp-json\/wp\/v2\/posts"}],"about":[{"href":"https:\/\/www.cordobatimes.com\/deportes\/wp-json\/wp\/v2\/types\/post"}],"author":[{"embeddable":true,"href":"https:\/\/www.cordobatimes.com\/deportes\/wp-json\/wp\/v2\/users\/1"}],"replies":[{"embeddable":true,"href":"https:\/\/www.cordobatimes.com\/deportes\/wp-json\/wp\/v2\/comments?post=44757"}],"version-history":[{"count":0,"href":"https:\/\/www.cordobatimes.com\/deportes\/wp-json\/wp\/v2\/posts\/44757\/revisions"}],"wp:featuredmedia":[{"embeddable":true,"href":"https:\/\/www.cordobatimes.com\/deportes\/wp-json\/wp\/v2\/media\/44759"}],"wp:attachment":[{"href":"https:\/\/www.cordobatimes.com\/deportes\/wp-json\/wp\/v2\/media?parent=44757"}],"wp:term":[{"taxonomy":"category","embeddable":true,"href":"https:\/\/www.cordobatimes.com\/deportes\/wp-json\/wp\/v2\/categories?post=44757"},{"taxonomy":"post_tag","embeddable":true,"href":"https:\/\/www.cordobatimes.com\/deportes\/wp-json\/wp\/v2\/tags?post=44757"}],"curies":[{"name":"wp","href":"https:\/\/api.w.org\/{rel}","templated":true}]}}