{"id":43973,"date":"2019-09-08T16:51:42","date_gmt":"2019-09-08T19:51:42","guid":{"rendered":"https:\/\/www.cordobatimes.com\/deportes\/?p=43973"},"modified":"2019-09-08T19:13:57","modified_gmt":"2019-09-08T22:13:57","slug":"maradona-revoluciono-la-plata","status":"publish","type":"post","link":"https:\/\/www.cordobatimes.com\/deportes\/futbol\/2019\/09\/08\/maradona-revoluciono-la-plata\/","title":{"rendered":"Maradona revolucion\u00f3 La Plata"},"content":{"rendered":"<h3><b>El mejor jugador de todos los tiempos se calz\u00f3 el buzo de entrenador de Gimnasia y, a puertas abiertas con estadio repleto, tuvo su primer entrenamiento al mando del Lobo.<\/b><\/h3>\n<p>Todo lo que incluya a Maradona tiene connotaci\u00f3n mundial y su vuelta al f\u00fatbol argentino no es la excepci\u00f3n. A estadio lleno y transmisi\u00f3n por todos los canales deportivos, el Diez se present\u00f3 frente al p\u00fablico tripero como el flamante nuevo entrenador de Gimnasia.<\/p>\n<p>En su primer entrenamiento poco queda de f\u00fatbol, ya que el fervor popular por el regreso de Diego a la Argentina como director t\u00e9cnico, tras su paso por la selecci\u00f3n en Sud\u00e1frica 2010 y sus distintas escalas en el mundo con Dorados de Sinaloa como la \u00faltima experiencia, Maradona revolucion\u00f3 La Plata, dio su primer conferencia como t\u00e9cnico del Lobo y se tom\u00f3 un tiempo para cantar con los hinchas platenses.<\/p>\n<blockquote class=\"twitter-tweet\" data-width=\"550\" data-dnt=\"true\">\n<p lang=\"es\" dir=\"ltr\">\u00a1LA EMOCI\u00d3N DE DIEGO ARMANDO MARADONA! <a href=\"https:\/\/t.co\/6lWfpmRM9P\">pic.twitter.com\/6lWfpmRM9P<\/a><\/p>\n<p>&mdash; TyC Sports (@TyCSports) <a href=\"https:\/\/twitter.com\/TyCSports\/status\/1170743149414600704?ref_src=twsrc%5Etfw\">September 8, 2019<\/a><\/p><\/blockquote>\n<p><script async src=\"https:\/\/platform.twitter.com\/widgets.js\" charset=\"utf-8\"><\/script><\/p>\n<p>Gimnasia se encuentra en la lucha por la permanencia, ubic\u00e1ndose \u00faltimo en la tabla de promedios a 10 de Rosario Central y Newell&#8217;s, ambos en zona roja tambi\u00e9n y a 11 de Col\u00f3n el \u00faltimo de los que hasta ahora mantiene la categor\u00eda. Quiz\u00e1s el paso de Diego por La Plata no sea la soluci\u00f3n t\u00e9cnico que hac\u00eda falta para salvar a un equipo que tiene mucho trabajo que hacer para poder disputar la pr\u00f3xima Superliga, pero si ser\u00e1 un inyecci\u00f3n an\u00edmica que puede fortalecer a un grupo que debe levantar la cabeza. Sebasti\u00e1n &#8220;Gallego&#8221; M\u00e9ndez ser\u00e1 ayudante de campo y la pieza clave en la planificaci\u00f3n de partidos. Los n\u00fameros en gran parte juegan a favor del Diego, sin embargo el an\u00e1lisis m\u00e1s cr\u00edtico puede que ponga en duda la capacidad del Diez para evitar el descenso del Lobo.<\/p>\n<blockquote class=\"twitter-tweet\" data-width=\"550\" data-dnt=\"true\">\n<p lang=\"es\" dir=\"ltr\"><a href=\"https:\/\/twitter.com\/hashtag\/MaradonaEnTNTSports?src=hash&amp;ref_src=twsrc%5Etfw\">#MaradonaEnTNTSports<\/a> | Diego Maradona, nuevo DT de Gimnasia: &quot;Estoy de pie, como quer\u00eda la Tota. Ella me dec\u00eda: &#39;No te mueras por esta porquer\u00eda&#39;. Y no me mor\u00ed por esta porquer\u00eda. \u00bfQu\u00e9 me dir\u00eda mi viejo si me viera? &#39;\u00a1Camin\u00e1 mejor, carajo!&#39;&quot; <a href=\"https:\/\/t.co\/hdeoGCWo4R\">pic.twitter.com\/hdeoGCWo4R<\/a><\/p>\n<p>&mdash; TNT Sports LA (@TNTSportsLA) <a href=\"https:\/\/twitter.com\/TNTSportsLA\/status\/1170758112065794048?ref_src=twsrc%5Etfw\">September 8, 2019<\/a><\/p><\/blockquote>\n<p><script async src=\"https:\/\/platform.twitter.com\/widgets.js\" charset=\"utf-8\"><\/script><\/p>\n<p>En su presentaci\u00f3n, Maradona pis\u00f3 el campo de juego y cant\u00f3 varias canciones junto al los hinchas triperos, entre ellos el famoso\u00a0<strong>&#8220;volveremos&#8230; volveremos&#8230;&#8221;<\/strong>, el nuevo c\u00e1ntico contra\u00a0<strong>&#8220;Pincha decime que se siente&#8221;<\/strong> y un claro mensaje al presidente de Estudiantes, Juan Sebasti\u00e1n Ver\u00f3n, con el lema\u00a0<strong>&#8220;El que no salta es un ingl\u00e9s&#8221;<\/strong>. Tras finalizar la presentaci\u00f3n, el Diez dio una conferencia de prensa<\/p>\n<blockquote class=\"twitter-tweet\" data-width=\"550\" data-dnt=\"true\">\n<p lang=\"es\" dir=\"ltr\"><a href=\"https:\/\/twitter.com\/hashtag\/MaradonaEnTNTSports?src=hash&amp;ref_src=twsrc%5Etfw\">#MaradonaEnTNTSports<\/a> | Diego Maradona: &quot;Yo agarr\u00e9 el mejor Messi, se pasaba de a cinco, un fen\u00f3meno. El tema eran los tiros libres. Me pregunt\u00f3 c\u00f3mo hacer para ponerle todo el pie cuando le pegaba. &#39;Es simple esto, le peg\u00e1s al medio&#39;, le dije. Ahora las cuelga todas&quot; \ud83d\udd25 <a href=\"https:\/\/t.co\/HlD9fbmLEh\">pic.twitter.com\/HlD9fbmLEh<\/a><\/p>\n<p>&mdash; TNT Sports LA (@TNTSportsLA) <a href=\"https:\/\/twitter.com\/TNTSportsLA\/status\/1170806703924940801?ref_src=twsrc%5Etfw\">September 8, 2019<\/a><\/p><\/blockquote>\n<p><script async src=\"https:\/\/platform.twitter.com\/widgets.js\" charset=\"utf-8\"><\/script><\/p>\n<p>Ser\u00e1 momento de esperar por los resultados que definir\u00e1n el paso de Diego por Gimnasia, aunque el impacto medi\u00e1tico y an\u00edmico ya qued\u00f3 marcado desde el primer d\u00eda. El debut ser\u00e1 ante Racing en el Bosque el pr\u00f3ximo domingo 15 de septiembre.<\/p>\n","protected":false},"excerpt":{"rendered":"<p>El mejor jugador de todos los tiempos se calz\u00f3 el buzo de entrenador de Gimnasia y, a puertas abiertas con estadio repleto, tuvo su primer entrenamiento al mando del Lobo. Todo lo que incluya a Maradona tiene connotaci\u00f3n mundial y su vuelta al f\u00fatbol argentino no es la excepci\u00f3n. A estadio lleno y transmisi\u00f3n por [&hellip;]<\/p>\n","protected":false},"author":33,"featured_media":43978,"comment_status":"closed","ping_status":"closed","sticky":false,"template":"","format":"standard","meta":{"_seopress_robots_primary_cat":"none","_seopress_titles_title":"","_seopress_titles_desc":"","_seopress_robots_index":"","footnotes":""},"categories":[2,16],"tags":[8563,8562,1316,172,1932,8561,4402,7421,72,96,372],"class_list":["post-43973","post","type-post","status-publish","format-standard","has-post-thumbnail","hentry","category-futbol","category-primera-division","tag-d10s","tag-d1eg0","tag-diego","tag-diego-armando-maradona","tag-diego-maradona","tag-diez","tag-el-bosque","tag-gelp","tag-gimnasia","tag-la-plata","tag-maradona"],"_links":{"self":[{"href":"https:\/\/www.cordobatimes.com\/deportes\/wp-json\/wp\/v2\/posts\/43973","targetHints":{"allow":["GET"]}}],"collection":[{"href":"https:\/\/www.cordobatimes.com\/deportes\/wp-json\/wp\/v2\/posts"}],"about":[{"href":"https:\/\/www.cordobatimes.com\/deportes\/wp-json\/wp\/v2\/types\/post"}],"author":[{"embeddable":true,"href":"https:\/\/www.cordobatimes.com\/deportes\/wp-json\/wp\/v2\/users\/33"}],"replies":[{"embeddable":true,"href":"https:\/\/www.cordobatimes.com\/deportes\/wp-json\/wp\/v2\/comments?post=43973"}],"version-history":[{"count":0,"href":"https:\/\/www.cordobatimes.com\/deportes\/wp-json\/wp\/v2\/posts\/43973\/revisions"}],"wp:featuredmedia":[{"embeddable":true,"href":"https:\/\/www.cordobatimes.com\/deportes\/wp-json\/wp\/v2\/media\/43978"}],"wp:attachment":[{"href":"https:\/\/www.cordobatimes.com\/deportes\/wp-json\/wp\/v2\/media?parent=43973"}],"wp:term":[{"taxonomy":"category","embeddable":true,"href":"https:\/\/www.cordobatimes.com\/deportes\/wp-json\/wp\/v2\/categories?post=43973"},{"taxonomy":"post_tag","embeddable":true,"href":"https:\/\/www.cordobatimes.com\/deportes\/wp-json\/wp\/v2\/tags?post=43973"}],"curies":[{"name":"wp","href":"https:\/\/api.w.org\/{rel}","templated":true}]}}