{"id":43583,"date":"2019-08-23T22:11:28","date_gmt":"2019-08-24T01:11:28","guid":{"rendered":"https:\/\/www.cordobatimes.com\/deportes\/?p=43583"},"modified":"2019-08-23T22:11:28","modified_gmt":"2019-08-24T01:11:28","slug":"conmebol-hace-publicos-los-audios-del-var","status":"publish","type":"post","link":"https:\/\/www.cordobatimes.com\/deportes\/futbol\/2019\/08\/23\/conmebol-hace-publicos-los-audios-del-var\/","title":{"rendered":"CONMEBOL hace p\u00fablicos los audios del VAR"},"content":{"rendered":"<h3><strong>Tras las pol\u00e9micas entorno al duelo entre River y Cerro Porte\u00f1o, la CONMEBOL decidi\u00f3, a trav\u00e9s de un comunicado, divulgar los audios entre el \u00e1rbitro Carrillo y los asistentes del video arbitraje. Esto incluye adem\u00e1s el cruce entre Flamengo e Inter de Porto Alegre y ser\u00e1 una cuesti\u00f3n recurrente de aqu\u00ed en m\u00e1s.<\/strong><\/h3>\n<p>Desde la llegada del VAR al f\u00fatbol, la opini\u00f3n ha sido dividida entre los que est\u00e1n a favor y quienes est\u00e1n en contra. Luego del cruce entre River y Cerro Porte\u00f1o por los cuartos de final de la Libertadores, donde el conjunto Millonario venci\u00f3 Cicl\u00f3n de Barrio Obrero por 2-0 con las dos anotaciones desde el punto del penal con participaci\u00f3n del VAR, la Confederaci\u00f3n Sudamericana de F\u00fatbol opt\u00f3 por divulgar los audios del encuentro donde el juez del partido se comunica con sus asistentes del video arbitraje. Esta decisi\u00f3n se traslad\u00f3 mediante un comunicado y deja en claro que ser\u00e1 lo recurrente en cada jornada, tanto de Libertadores como Sudamericana, con el fin de dejar atr\u00e1s las pol\u00e9micas y sospechas.<\/p>\n<p>En el duelo disputado en el Estadio Monumental, el juez del partido marc\u00f3 dos penales favorables al elenco local. En el primer cobro lleg\u00f3 al minuto de juego y tras varios idas y vueltas se ejecut\u00f3 a los 7&#8242;. La jugada en s\u00ed gener\u00f3 pol\u00e9micas y el tiempo que llev\u00f3 tomar la decisi\u00f3n result\u00f3 a\u00fan m\u00e1s sospechoso. Para alejar esas dudas y darle transparencia a la entidad, CONMEBOL divulg\u00f3 los audios entre Carrillo y los \u00e1rbitros del VAR.<\/p>\n<p><iframe loading=\"lazy\" title=\"CONMEBOL Libertadores. Partido River Plate vs. Cerro Porte\u00f1o (Cuartos de Final - Ida).\" width=\"696\" height=\"392\" src=\"https:\/\/www.youtube.com\/embed\/i4CrsQ-DhNE?feature=oembed\" frameborder=\"0\" allow=\"accelerometer; autoplay; encrypted-media; gyroscope; picture-in-picture\" allowfullscreen><\/iframe><\/p>\n<p>Desde su implementaci\u00f3n en la Copa Libertadores 2017, con el objetivo de dejar de lado los errores grotescos y las suspicacias, ha sido un arma de doble filo. En la primera edici\u00f3n se recuerda el cruce entre River y Lan\u00fas donde el &#8221; no uso&#8221; del video arbitraje perjudic\u00f3 al Millonario, lo que gener\u00f3 frases conocidas como &#8220;la guardia alta&#8221;. En el certamen 2018, el club de N\u00fa\u00f1ez volvi\u00f3 a tener relevancia con el VAR, ya que en cuartos de final, el juez del encuentro Daronco, no se apoy\u00f3 en los asistentes y dej\u00f3 pasar una clara infracci\u00f3n de Pinola sobre Mart\u00edn Ben\u00edtez. En ese mismo torneo, River se vio favorecido por un penal sobre la hora en Porto Alegre frente a Gremio por una mano que ni siquiera los futbolistas millonarios hab\u00edan notado. En el Mundial 2018 el sistema de video arbitraje dio muchas soluciones en base a su implementaci\u00f3n, contrario a lo ocurrido en la Copa Am\u00e9rica de Brasil 2019, cuando en el cl\u00e1sico entre Argentina y los locales, Rody Zambrano no marc\u00f3 dos claros penales en favor del equipo de Messi.<\/p>\n<h4><strong>Las declaraciones de Messi sobre el VAR<\/strong><\/h4>\n<p><iframe loading=\"lazy\" title=\"Messi, enojado con la Conmebol: &quot;Brasil maneja todo&quot;\" width=\"696\" height=\"392\" src=\"https:\/\/www.youtube.com\/embed\/_t2YggnN578?feature=oembed\" frameborder=\"0\" allow=\"accelerometer; autoplay; encrypted-media; gyroscope; picture-in-picture\" allowfullscreen><\/iframe><\/p>\n<p>Las opiniones divididas sobre el VAR seguir\u00e1n existiendo hasta que el sistema deje de utilizarse o establezcan un m\u00e9todo m\u00e1s r\u00e1pido y efectivo. Para licuar las dudas, CONMEBOL dej\u00f3 el siguiente comunicado:<\/p>\n<p><strong><em>La Direcci\u00f3n Arbitral de CONMEBOL, conforme a sus principios transversales de transparencia en la gesti\u00f3n y justicia deportiva, decide dar un paso m\u00e1s en la gesti\u00f3n del video arbitraje y ofrecer a partir de ahora los registros audiovisuales de la consulta entre el \u00e1rbitro y el centro VAR.<\/em><\/strong><\/p>\n<p><strong><em>De esta manera, los aficionados y la opini\u00f3n p\u00fablica podr\u00e1n conocer en primera persona c\u00f3mo se realiza la revisi\u00f3n de la jugada, as\u00ed como la conversaci\u00f3n mantenida entre el \u00e1rbitro presente en la cancha y el centro de video arbitraje.<\/em><\/strong><\/p>\n<p><strong><em>&#8220;El VAR es una herramienta que ha llegado para quedarse en el f\u00fatbol internacional, y por ello necesitamos que el proceso de adaptaci\u00f3n tanto de \u00e1rbitros, como tambi\u00e9n de jugadores, aficionados y periodistas se realice con la m\u00e1xima transparencia. En este sentido, la posibilidad de acceder al registro audiovisual dar\u00e1 a conocer c\u00f3mo se lleva a cabo la revisi\u00f3n de una jugada dudosa desde el momento que se detiene el juego, hasta el momento en el que se toma la decisi\u00f3n arbitral&#8221; se\u00f1ala Wilson Seneme, presidente de la Comisi\u00f3n de \u00c1rbitros de CONMEBOL.<\/em><\/strong><\/p>\n<p><strong><em>Esta medida ser\u00e1 aplicable a todos los partidos CONMEBOL que se disputen a partir de este momento.<\/em><\/strong><\/p>\n<p>&nbsp;<\/p>\n<p><iframe loading=\"lazy\" title=\"CONMEBOL Libertadores. Partido Flamengo vs. Internacional (Cuartos de Final - Ida).\" width=\"696\" height=\"392\" src=\"https:\/\/www.youtube.com\/embed\/QOiNoutvOBk?feature=oembed\" frameborder=\"0\" allow=\"accelerometer; autoplay; encrypted-media; gyroscope; picture-in-picture\" allowfullscreen><\/iframe><\/p>\n<p>Junto a las im\u00e1genes de River-Cerro, se suman los videos de Flamengo-Inter donde los visitantes ped\u00edan una supuesta mano de Guerrero dentro del \u00e1rea, pero el \u00e1rbitro Tobar no cobr\u00f3 apoyado en sus colegas del VAR. Este m\u00e9todo de publicaci\u00f3n se repetir\u00e1 de aqu\u00ed en m\u00e1s en todas las competiciones CONMEBOL.<\/p>\n<p>&nbsp;<\/p>\n<p>&nbsp;<\/p>\n","protected":false},"excerpt":{"rendered":"<p>Tras las pol\u00e9micas entorno al duelo entre River y Cerro Porte\u00f1o, la CONMEBOL decidi\u00f3, a trav\u00e9s de un comunicado, divulgar los audios entre el \u00e1rbitro Carrillo y los asistentes del video arbitraje. Esto incluye adem\u00e1s el cruce entre Flamengo e Inter de Porto Alegre y ser\u00e1 una cuesti\u00f3n recurrente de aqu\u00ed en m\u00e1s. Desde la [&hellip;]<\/p>\n","protected":false},"author":33,"featured_media":43588,"comment_status":"closed","ping_status":"closed","sticky":false,"template":"","format":"standard","meta":{"_seopress_robots_primary_cat":"none","_seopress_titles_title":"","_seopress_titles_desc":"","_seopress_robots_index":"","footnotes":""},"categories":[2],"tags":[2549,1967,1068,471,8431,8430,8433,74,8432,3905,6523],"class_list":["post-43583","post","type-post","status-publish","format-standard","has-post-thumbnail","hentry","category-futbol","tag-carrillo","tag-cerro-porteno","tag-conmebol","tag-libertadores","tag-messi-var","tag-penal-de-la-cruz","tag-penal-para-river","tag-river","tag-river-var","tag-sudamericana","tag-var"],"_links":{"self":[{"href":"https:\/\/www.cordobatimes.com\/deportes\/wp-json\/wp\/v2\/posts\/43583","targetHints":{"allow":["GET"]}}],"collection":[{"href":"https:\/\/www.cordobatimes.com\/deportes\/wp-json\/wp\/v2\/posts"}],"about":[{"href":"https:\/\/www.cordobatimes.com\/deportes\/wp-json\/wp\/v2\/types\/post"}],"author":[{"embeddable":true,"href":"https:\/\/www.cordobatimes.com\/deportes\/wp-json\/wp\/v2\/users\/33"}],"replies":[{"embeddable":true,"href":"https:\/\/www.cordobatimes.com\/deportes\/wp-json\/wp\/v2\/comments?post=43583"}],"version-history":[{"count":0,"href":"https:\/\/www.cordobatimes.com\/deportes\/wp-json\/wp\/v2\/posts\/43583\/revisions"}],"wp:featuredmedia":[{"embeddable":true,"href":"https:\/\/www.cordobatimes.com\/deportes\/wp-json\/wp\/v2\/media\/43588"}],"wp:attachment":[{"href":"https:\/\/www.cordobatimes.com\/deportes\/wp-json\/wp\/v2\/media?parent=43583"}],"wp:term":[{"taxonomy":"category","embeddable":true,"href":"https:\/\/www.cordobatimes.com\/deportes\/wp-json\/wp\/v2\/categories?post=43583"},{"taxonomy":"post_tag","embeddable":true,"href":"https:\/\/www.cordobatimes.com\/deportes\/wp-json\/wp\/v2\/tags?post=43583"}],"curies":[{"name":"wp","href":"https:\/\/api.w.org\/{rel}","templated":true}]}}