{"id":43540,"date":"2019-08-22T16:35:51","date_gmt":"2019-08-22T19:35:51","guid":{"rendered":"https:\/\/www.cordobatimes.com\/deportes\/?p=43540"},"modified":"2019-08-22T16:35:51","modified_gmt":"2019-08-22T19:35:51","slug":"cristiano-ronaldo-hablo-sobre-su-rivalidad-con-messi","status":"publish","type":"post","link":"https:\/\/www.cordobatimes.com\/deportes\/futbol-internacional\/2019\/08\/22\/cristiano-ronaldo-hablo-sobre-su-rivalidad-con-messi\/","title":{"rendered":"Cristiano Ronaldo habl\u00f3 sobre su &#8220;rivalidad&#8221; con Messi"},"content":{"rendered":"<h3><strong>El portugu\u00e9s se refiri\u00f3 una vez m\u00e1s al trato con la Pulga y habl\u00f3 de lo que signific\u00f3 esa competencia entre ellos mientras ambos estaban en La Liga.<\/strong><\/h3>\n<p>Ya no comparten la misma liga. Eventualmente, aunque hasta ahora no ha sucedido, podr\u00edan cruzarse en esa Champions League que tanto desvela a ambos. M\u00e1s all\u00e1 de todo, y aunque sea Luka Modric el due\u00f1o del \u00faltimo Bal\u00f3n de Oro,<strong>\u00a0la rivalidad futbol\u00edstica entre Cristiano Ronaldo\u00a0y Lionel Messi est\u00e1 m\u00e1s viva que nunca.<\/strong><\/p>\n<p>Llevan m\u00e1s de una d\u00e9cada dominando la gran escena del f\u00fatbol mundial. Entre los dos, se repartieron t\u00edtulos individuales y grupales casi de manera equilibrada. Uno y el otro le sacaron varios cuerpos de distancia a cualquier otro que quisiera competirles.<\/p>\n<p>En un programa de TV portuguesa, el actual futbolista de la\u00a0<strong>Juventus<\/strong>\u00a0dej\u00f3 una particular apreciaci\u00f3n sobre la rivalidad que tiene con el argentino:\u00a0&#8220;A \u00e9l le gustaba esa picard\u00eda.<strong>\u00a0Admiti\u00f3 que en las \u00faltimas tres Champions que nosotros ganamos se sinti\u00f3 un poco perturbado, \u00a1es normal! Yo tambi\u00e9n, en otras cosas que \u00e9l gan\u00f3 con el Barcelona y me hubiese gustado ganar<\/strong>.<strong>&#8220;<\/strong>.<\/p>\n<p><strong>&#8220;No tengo ninguna dudas de que Messi me ha convertido en un mejor jugador y que yo lo hago mejor. Las rivalidades son saludables. Cuando dej\u00e9 la liga \u00e9l mismo dijo que estaba apenado porque era una rivalidad positiva&#8221;<\/strong>, reconoci\u00f3 el artillero luso.<\/p>\n<p>Por otro lado, Cristiano admiti\u00f3 que nunca comparti\u00f3 una comida con la Pulga\u00a0<strong>pero no cerr\u00f3 las puertas\u00a0<\/strong>a que eso pase:&#8221;<b>\u00bfPor qu\u00e9 no en el futuro? No tendr\u00eda problema, \u00e9l es argentino y mi esposa tambi\u00e9n. Tengo una buena relaci\u00f3n profesional con \u00e9l.\u00a0<strong>Son 15 a\u00f1os de compartir.<\/strong>&#8220;<\/b><\/p>\n","protected":false},"excerpt":{"rendered":"<p>El portugu\u00e9s se refiri\u00f3 una vez m\u00e1s al trato con la Pulga y habl\u00f3 de lo que signific\u00f3 esa competencia entre ellos mientras ambos estaban en La Liga. Ya no comparten la misma liga. Eventualmente, aunque hasta ahora no ha sucedido, podr\u00edan cruzarse en esa Champions League que tanto desvela a ambos. M\u00e1s all\u00e1 de [&hellip;]<\/p>\n","protected":false},"author":1,"featured_media":43545,"comment_status":"closed","ping_status":"closed","sticky":false,"template":"","format":"standard","meta":{"_seopress_robots_primary_cat":"none","_seopress_titles_title":"","_seopress_titles_desc":"","_seopress_robots_index":"","footnotes":""},"categories":[18],"tags":[],"class_list":["post-43540","post","type-post","status-publish","format-standard","has-post-thumbnail","hentry","category-futbol-internacional"],"_links":{"self":[{"href":"https:\/\/www.cordobatimes.com\/deportes\/wp-json\/wp\/v2\/posts\/43540","targetHints":{"allow":["GET"]}}],"collection":[{"href":"https:\/\/www.cordobatimes.com\/deportes\/wp-json\/wp\/v2\/posts"}],"about":[{"href":"https:\/\/www.cordobatimes.com\/deportes\/wp-json\/wp\/v2\/types\/post"}],"author":[{"embeddable":true,"href":"https:\/\/www.cordobatimes.com\/deportes\/wp-json\/wp\/v2\/users\/1"}],"replies":[{"embeddable":true,"href":"https:\/\/www.cordobatimes.com\/deportes\/wp-json\/wp\/v2\/comments?post=43540"}],"version-history":[{"count":0,"href":"https:\/\/www.cordobatimes.com\/deportes\/wp-json\/wp\/v2\/posts\/43540\/revisions"}],"wp:featuredmedia":[{"embeddable":true,"href":"https:\/\/www.cordobatimes.com\/deportes\/wp-json\/wp\/v2\/media\/43545"}],"wp:attachment":[{"href":"https:\/\/www.cordobatimes.com\/deportes\/wp-json\/wp\/v2\/media?parent=43540"}],"wp:term":[{"taxonomy":"category","embeddable":true,"href":"https:\/\/www.cordobatimes.com\/deportes\/wp-json\/wp\/v2\/categories?post=43540"},{"taxonomy":"post_tag","embeddable":true,"href":"https:\/\/www.cordobatimes.com\/deportes\/wp-json\/wp\/v2\/tags?post=43540"}],"curies":[{"name":"wp","href":"https:\/\/api.w.org\/{rel}","templated":true}]}}