{"id":43511,"date":"2019-08-22T15:23:45","date_gmt":"2019-08-22T18:23:45","guid":{"rendered":"https:\/\/www.cordobatimes.com\/deportes\/?p=43511"},"modified":"2019-08-22T15:23:45","modified_gmt":"2019-08-22T18:23:45","slug":"messi-volvio-a-entrenar-con-normalidad-en-barcelona","status":"publish","type":"post","link":"https:\/\/www.cordobatimes.com\/deportes\/futbol-internacional\/2019\/08\/22\/messi-volvio-a-entrenar-con-normalidad-en-barcelona\/","title":{"rendered":"Messi volvi\u00f3 a entrenar con normalidad en Barcelona"},"content":{"rendered":"<h3><strong>El capit\u00e1n argentino se mostr\u00f3 recuperado de la lesi\u00f3n en s\u00f3leo y todo parece indicar que estar\u00e1 a disposici\u00f3n de Ernesto Valverde para el partido contra Betis.<\/strong><\/h3>\n<p>La pelota est\u00e1 feliz. Lionel Messi dej\u00f3 atr\u00e1s la lesi\u00f3n en el s\u00f3leo que sufri\u00f3 durante el amistoso ante Arsenal por el Trofeo Joan Gamper y despu\u00e9s de 16 d\u00edas de recuperaci\u00f3n, volvi\u00f3 a entrenar con normalidad junto al resto del plantel.<\/p>\n<p>Esto signific\u00f3 una maravillosa noticia para el director t\u00e9cnico Ernesto Valverde, ya que todo parece indicar que el argentino estar\u00e1 a disposici\u00f3n con vistas al encuentro del domingo a las 16 horas (horario argentino) contra Betis, por la fecha n\u00famero 2 de La Liga.<\/p>\n<p>En el debut por el campeonato, el conjunto catal\u00e1n mostr\u00f3 una pobre actuaci\u00f3n sin la presencia de su capit\u00e1n y cay\u00f3 derrotado por 1-0 frente a Athletic Bilbao tras un golazo que convirti\u00f3 Aritz Aduriz.<\/p>\n<p>El astro rosarino se mostr\u00f3 impecable en la pr\u00e1ctica con sus compa\u00f1eros. En los videos que subi\u00f3 el Barcelona a sus redes sociales, se lo pudo ver muy r\u00e1pido con la pelota en los pies y exigiendo al arquero Ter Stegen. Por supuesto que tambi\u00e9n consigui\u00f3 anotarle un gol.<\/p>\n<h4>Messi volvi\u00f3 a los entrenamientos con Barcelona<\/h4>\n<p><iframe loading=\"lazy\" class=\"wp-embedded-content\" sandbox=\"allow-scripts\" security=\"restricted\" src=\"https:\/\/streamable.com\/o\/ofuou#?secret=wM3NdtHe4M\" data-secret=\"wM3NdtHe4M\" frameborder=\"0\" scrolling=\"no\" width=\"720\" height=\"720\"><\/iframe><\/p>\n","protected":false},"excerpt":{"rendered":"<p>El capit\u00e1n argentino se mostr\u00f3 recuperado de la lesi\u00f3n en s\u00f3leo y todo parece indicar que estar\u00e1 a disposici\u00f3n de Ernesto Valverde para el partido contra Betis. La pelota est\u00e1 feliz. Lionel Messi dej\u00f3 atr\u00e1s la lesi\u00f3n en el s\u00f3leo que sufri\u00f3 durante el amistoso ante Arsenal por el Trofeo Joan Gamper y despu\u00e9s de [&hellip;]<\/p>\n","protected":false},"author":1,"featured_media":43516,"comment_status":"closed","ping_status":"closed","sticky":false,"template":"","format":"standard","meta":{"_seopress_robots_primary_cat":"none","_seopress_titles_title":"","_seopress_titles_desc":"","_seopress_robots_index":"","footnotes":""},"categories":[18],"tags":[67,421,8416,8417],"class_list":["post-43511","post","type-post","status-publish","format-standard","has-post-thumbnail","hentry","category-futbol-internacional","tag-barcelona","tag-entrenamiento","tag-lesion-de-messi","tag-vuelta-de-messi-a-entrenamiento-con-el-barza"],"_links":{"self":[{"href":"https:\/\/www.cordobatimes.com\/deportes\/wp-json\/wp\/v2\/posts\/43511","targetHints":{"allow":["GET"]}}],"collection":[{"href":"https:\/\/www.cordobatimes.com\/deportes\/wp-json\/wp\/v2\/posts"}],"about":[{"href":"https:\/\/www.cordobatimes.com\/deportes\/wp-json\/wp\/v2\/types\/post"}],"author":[{"embeddable":true,"href":"https:\/\/www.cordobatimes.com\/deportes\/wp-json\/wp\/v2\/users\/1"}],"replies":[{"embeddable":true,"href":"https:\/\/www.cordobatimes.com\/deportes\/wp-json\/wp\/v2\/comments?post=43511"}],"version-history":[{"count":0,"href":"https:\/\/www.cordobatimes.com\/deportes\/wp-json\/wp\/v2\/posts\/43511\/revisions"}],"wp:featuredmedia":[{"embeddable":true,"href":"https:\/\/www.cordobatimes.com\/deportes\/wp-json\/wp\/v2\/media\/43516"}],"wp:attachment":[{"href":"https:\/\/www.cordobatimes.com\/deportes\/wp-json\/wp\/v2\/media?parent=43511"}],"wp:term":[{"taxonomy":"category","embeddable":true,"href":"https:\/\/www.cordobatimes.com\/deportes\/wp-json\/wp\/v2\/categories?post=43511"},{"taxonomy":"post_tag","embeddable":true,"href":"https:\/\/www.cordobatimes.com\/deportes\/wp-json\/wp\/v2\/tags?post=43511"}],"curies":[{"name":"wp","href":"https:\/\/api.w.org\/{rel}","templated":true}]}}