{"id":43439,"date":"2019-08-19T18:43:05","date_gmt":"2019-08-19T21:43:05","guid":{"rendered":"https:\/\/www.cordobatimes.com\/deportes\/?p=43439"},"modified":"2019-08-20T01:55:53","modified_gmt":"2019-08-20T04:55:53","slug":"scaloni-presento-la-lista-para-la-gira-de-septiembre-con-sorpresas","status":"publish","type":"post","link":"https:\/\/www.cordobatimes.com\/deportes\/futbol\/2019\/08\/19\/scaloni-presento-la-lista-para-la-gira-de-septiembre-con-sorpresas\/","title":{"rendered":"Scaloni present\u00f3 la lista para la gira de septiembre con sorpresas"},"content":{"rendered":"<h3><b>El entrenador argentino cit\u00f3 27 futbolistas para los encuentros frente a Chile y M\u00e9xico en Estados Unidos. Entre los convocados aparecen el goleador de los Panamericanos, Adolfo Gaich, el defensor de Borussia Dortmund Leonardo Balerdi, el central de River Lucas Mart\u00ednez Quarta, el volante xeneize Alexis Mac Allister, y el regreso de Marcos Rojo.<\/b><\/h3>\n<p>Lionel Scaloni ya tiene los citados para disputar la gira por Estados Unidos con los duelos frente a Chile el 5 de septiembre en Los \u00c1ngeles y el 10 frente a M\u00e9xico en San Antonio. En la lista se puede apreciar la ausencia de Lionel Messi, suspendido por tres meses tras la expulsi\u00f3n en la Copa Am\u00e9rica, y Sergio Ag\u00fcero, que deja lugar para los juveniles en estos amistosos. Adem\u00e1s, el llamado de varios juveniles como Adolfo Gaich y Leonardo Balerdi, y el regreso de Marcos Rojo.<\/p>\n<p>El entrenador de la selecci\u00f3n eligi\u00f3 27 jugadores que representen a la albiceleste con el objetivo de probar futbolistas de cara al comienzo de las eliminatorias en marzo de 2020. <strong>Adolfo Gaich<\/strong> se lleva todas las miradas, ya que el 9 goleador de los panamericanos no ocupa lugar entre los titulares de San Lorenzo. Para el t\u00e9cnico del Cicl\u00f3n, Juan Antonio Pizzi, es el cuarto delantero detr\u00e1s de Bareiro, Alexander D\u00edaz y Blandi, pero su desempe\u00f1o en el Sudamericano Sub-20 y Juegos Panamericanos llamaron la atenci\u00f3n del seleccionador nacional. <strong>Leonardo Balerdi <\/strong>es otra de las sorpresas, siendo el ex futbolista de Boca un defensor que disput\u00f3 apenas 5 partidos en el f\u00fatbol argentino y dio un salto de calidad a la Bundesliga sin que el p\u00fablico xeneize pudiese deleitarse con las cualidades del central, que a\u00fan no ha vestido la camiseta de Borussia Dortmund de manera oficial. <strong>Lucas Mart\u00ednez Quarta<\/strong> y <strong>Alexis Mac Allister <\/strong>tambi\u00e9n se sumaron a los convocados, con la particularidad de que el volante de Boca se gan\u00f3 un lugar en la lista gracias a su desempe\u00f1o estelar en pocos partidos para el club de la Ribera, mientras el hombre millonario ya cuenta con t\u00edtulos, el lugar de cuarto capit\u00e1n y la titularidad indiscutida en el equipo de Gallardo.<\/p>\n<p>Otra sorpresa es un nombre ya conocido, el de <strong>Marcos Rojo<\/strong>, que luego del Mundial 2018 no volvi\u00f3 a ser citado hasta el d\u00eda de hoy donde el ex ayudante de Sampaoli opt\u00f3 por el defensor de Manchester United para la gira norteamericana, aunque cuenta con pocos minutos en el f\u00fatbol ingl\u00e9s.<\/p>\n<p>El resto de la lista se componen de futbolistas que Scaloni hab\u00eda tenido en cuenta en otros amistoso o la preselecci\u00f3n de la Copa Am\u00e9rica, como\u00a0<strong>Exequiel Palacios<\/strong>,\u00a0<strong>Gonzalo Montiel<\/strong>,\u00a0<strong>Nicol\u00e1s Dom\u00ednguez<\/strong> o<strong> Mat\u00edas Zaracho.\u00a0<\/strong>Adem\u00e1s, <strong>Nicol\u00e1s Figal<\/strong> recibi\u00f3 su primer citaron internacional luego de convertirse en uno de los pilares de Independiente al igual que <strong>Lucas Ocampos<\/strong>, que milita en el Sevilla.<\/p>\n<p>La convocatoria la cierran varios de los futbolistas que participaron de la \u00faltima Copa Am\u00e9rica, el arquero de Boca\u00a0<strong>Esteban Andrada<\/strong>, que se perdi\u00f3 el torneo por lesi\u00f3n y el regreso de\u00a0<strong>Manuel Lanzini\u00a0<\/strong>o\u00a0<strong>Joaqu\u00edn Correa<\/strong>, que hab\u00eda sido tenidos en cuenta por Sampaoli y ahora vuelven con Scaloni a la cabeza del grupo.<\/p>\n<p>&nbsp;<\/p>\n<h4><strong>La lista de 27:<\/strong><\/h4>\n<p><strong>Arqueros: <\/strong>Esteban Andrada (Boca) &#8211; Franco Armani (River) &#8211; Agust\u00edn Marches\u00edn (Porto)<\/p>\n<p><strong>Defensores: <\/strong>Nicol\u00e1s Otamendi (Manchester City) &#8211; Marcos Rojo (Manchester United) &#8211; Leo Balerdi (Borussia Dortmund) &#8211; Germ\u00e1n Pezzella (Fiorentina) &#8211; Lucas Mart\u00ednez Quarta (River) &#8211; Gonzalo Montiel (River) &#8211; Nicol\u00e1s Figal (Independiente) &#8211; Nicol\u00e1s Tagliafico (Ajax)<\/p>\n<p><strong>Volantes (12):<\/strong><br \/>\nMarcos Acu\u00f1a (Sporting) &#8211; Leo Paredes (PSG) &#8211; Guido Rodr\u00edguez (Am\u00e9rica de M\u00e9xico) &#8211; Gio Lo Celso (Tottenham) &#8211; Nicol\u00e1s Dom\u00ednguez (V\u00e9lez) &#8211; Rodrigo De Paul (Udinese) &#8211; Mat\u00edas Zaracho (Racing) &#8211; Roberto Pereyra (Watford) &#8211; Exequiel Palacios (River) &#8211; Lucas Ocampos (Sevilla) &#8211; Manuel Lanzini (West Ham) &#8211; \u200bAlexis Mac Allister (Boca)<\/p>\n<p><strong>Delanteros (4)<\/strong><br \/>\nJoaqu\u00edn Correa (Lazio) &#8211; Lautaro Mart\u00ednez (Inter) &#8211; Paulo Dybala (Juventus) &#8211; \u200bAdolfo Gaich (San Lorenzo)<\/p>\n<p>&nbsp;<\/p>\n","protected":false},"excerpt":{"rendered":"<p>El entrenador argentino cit\u00f3 27 futbolistas para los encuentros frente a Chile y M\u00e9xico en Estados Unidos. Entre los convocados aparecen el goleador de los Panamericanos, Adolfo Gaich, el defensor de Borussia Dortmund Leonardo Balerdi, el central de River Lucas Mart\u00ednez Quarta, el volante xeneize Alexis Mac Allister, y el regreso de Marcos Rojo. Lionel [&hellip;]<\/p>\n","protected":false},"author":33,"featured_media":43444,"comment_status":"closed","ping_status":"closed","sticky":false,"template":"","format":"standard","meta":{"_seopress_robots_primary_cat":"none","_seopress_titles_title":"","_seopress_titles_desc":"","_seopress_robots_index":"","footnotes":""},"categories":[2,5904],"tags":[7182,8399,7608,8398,8397,8208,88,6316,607,542,8400],"class_list":["post-43439","post","type-post","status-publish","format-standard","has-post-thumbnail","hentry","category-futbol","category-seleccion-argentina","tag-armani","tag-figal","tag-gaich","tag-gira-estados-unidos","tag-lista-argentina","tag-mac-allister","tag-messi","tag-palacios","tag-rojo","tag-seleccion-argentina","tag-zaracho"],"_links":{"self":[{"href":"https:\/\/www.cordobatimes.com\/deportes\/wp-json\/wp\/v2\/posts\/43439","targetHints":{"allow":["GET"]}}],"collection":[{"href":"https:\/\/www.cordobatimes.com\/deportes\/wp-json\/wp\/v2\/posts"}],"about":[{"href":"https:\/\/www.cordobatimes.com\/deportes\/wp-json\/wp\/v2\/types\/post"}],"author":[{"embeddable":true,"href":"https:\/\/www.cordobatimes.com\/deportes\/wp-json\/wp\/v2\/users\/33"}],"replies":[{"embeddable":true,"href":"https:\/\/www.cordobatimes.com\/deportes\/wp-json\/wp\/v2\/comments?post=43439"}],"version-history":[{"count":0,"href":"https:\/\/www.cordobatimes.com\/deportes\/wp-json\/wp\/v2\/posts\/43439\/revisions"}],"wp:featuredmedia":[{"embeddable":true,"href":"https:\/\/www.cordobatimes.com\/deportes\/wp-json\/wp\/v2\/media\/43444"}],"wp:attachment":[{"href":"https:\/\/www.cordobatimes.com\/deportes\/wp-json\/wp\/v2\/media?parent=43439"}],"wp:term":[{"taxonomy":"category","embeddable":true,"href":"https:\/\/www.cordobatimes.com\/deportes\/wp-json\/wp\/v2\/categories?post=43439"},{"taxonomy":"post_tag","embeddable":true,"href":"https:\/\/www.cordobatimes.com\/deportes\/wp-json\/wp\/v2\/tags?post=43439"}],"curies":[{"name":"wp","href":"https:\/\/api.w.org\/{rel}","templated":true}]}}