{"id":43290,"date":"2019-08-14T00:07:33","date_gmt":"2019-08-14T03:07:33","guid":{"rendered":"https:\/\/www.cordobatimes.com\/deportes\/?p=43290"},"modified":"2019-08-14T00:07:33","modified_gmt":"2019-08-14T03:07:33","slug":"copa-sudamericana-independendiente-cayo-en-ecuador-y-quedo-eliminado","status":"publish","type":"post","link":"https:\/\/www.cordobatimes.com\/deportes\/futbol\/2019\/08\/14\/copa-sudamericana-independendiente-cayo-en-ecuador-y-quedo-eliminado\/","title":{"rendered":"Copa Sudamericana: Independendiente cay\u00f3 en Ecuador y qued\u00f3 eliminado"},"content":{"rendered":"<h3><b>El Rojo no pudo en Quito con Independiente del Valle, perdi\u00f3 1-0 y qued\u00f3 fuera de la Copa Sudamericana. El global qued\u00f3 igualado 2-2 pero el tanto conseguido en Argentina le dio la clasificaci\u00f3n a los ecuatorianos.<\/b><\/h3>\n<p>En el duelo por cuartos de final entre Independiente y su par del Valle, el equipo de Beccacece perdi\u00f3 como visitante y se qued\u00f3 fuera de la Copa de Sudamericana. El Rojo lleg\u00f3 a Ecuador con la ventaja 2-1 conseguida en Argentina pero los dirigidos por Miguel \u00c1ngel Ram\u00edrez aprovecharon el gol de convertido en el Libertadores de Am\u00e9rica para meterse en la siguiente ronda.<\/p>\n<p>En un duelo parejo, el Rojo no pudo sostener la ventaja conseguida en Avellaneda y a los 77&#8242;, el elenco ecuatoriano se llev\u00f3 la clasificaci\u00f3n. El equipo de Beccacece se vio superado por su par y especialmente por la altura. Mart\u00edn Campa\u00f1a se hizo fuerte una vez m\u00e1s en el arco de Independiente pero no tuvo nada que hacer ante el gol del espa\u00f1ol Dani Nieto, que lleg\u00f3 tras el desequilibrio de S\u00e1nchez que super\u00f3 a Figal y asisti\u00f3 a goleador. En el momento del gol, Fabricio Bustos estaba siendo atendido fuera del campo de juego por lo que Independiente se encontraba con 10 jugadores. A los 92&#8242;, Jorge Figal fue a buscar bruscamente una pelota en el \u00e1rea de los ecuatorianos y al golpear al arquero Jorge pintos, vio la segunda amarilla y por ende la roja.<\/p>\n<p><iframe loading=\"lazy\" title=\"Independiente del Valle vs Independiente (2-1) Todos los goles y resumen | Copa Sudamericana 2019\" width=\"696\" height=\"392\" src=\"https:\/\/www.youtube.com\/embed\/Ix8rp3E_OHQ?feature=oembed\" frameborder=\"0\" allow=\"accelerometer; autoplay; encrypted-media; gyroscope; picture-in-picture\" allowfullscreen><\/iframe><\/p>\n<p>El resultado global qued\u00f3 2-2, pero el gol obtenido por el Negriazul como visitante los clasific\u00f3 a semifinales. Independiente del Valle espera al vencedor de Corinthians y Fluminense por un pase a la final. El elenco ecuatoriano enfrent\u00f3 a 7 equipos argentinos, entre Copa Libertadores y Sudamericana, nunca cay\u00f3 como local y elimin\u00f3, adem\u00e1s de Independiente, a River, a Boca y a Uni\u00f3n.<\/p>\n<p>&nbsp;<\/p>\n","protected":false},"excerpt":{"rendered":"<p>El Rojo no pudo en Quito con Independiente del Valle, perdi\u00f3 1-0 y qued\u00f3 fuera de la Copa Sudamericana. El global qued\u00f3 igualado 2-2 pero el tanto conseguido en Argentina le dio la clasificaci\u00f3n a los ecuatorianos. En el duelo por cuartos de final entre Independiente y su par del Valle, el equipo de Beccacece [&hellip;]<\/p>\n","protected":false},"author":33,"featured_media":43300,"comment_status":"closed","ping_status":"closed","sticky":false,"template":"","format":"standard","meta":{"_seopress_robots_primary_cat":"none","_seopress_titles_title":"","_seopress_titles_desc":"","_seopress_robots_index":"","footnotes":""},"categories":[23,2],"tags":[8232,5570,8379,65,1971,2007,3905],"class_list":["post-43290","post","type-post","status-publish","format-standard","has-post-thumbnail","hentry","category-copa-sudamericana","category-futbol","tag-beccacece","tag-copa-sudamericana","tag-dani-nieto","tag-independiente","tag-independiente-del-valle","tag-romero","tag-sudamericana"],"_links":{"self":[{"href":"https:\/\/www.cordobatimes.com\/deportes\/wp-json\/wp\/v2\/posts\/43290","targetHints":{"allow":["GET"]}}],"collection":[{"href":"https:\/\/www.cordobatimes.com\/deportes\/wp-json\/wp\/v2\/posts"}],"about":[{"href":"https:\/\/www.cordobatimes.com\/deportes\/wp-json\/wp\/v2\/types\/post"}],"author":[{"embeddable":true,"href":"https:\/\/www.cordobatimes.com\/deportes\/wp-json\/wp\/v2\/users\/33"}],"replies":[{"embeddable":true,"href":"https:\/\/www.cordobatimes.com\/deportes\/wp-json\/wp\/v2\/comments?post=43290"}],"version-history":[{"count":0,"href":"https:\/\/www.cordobatimes.com\/deportes\/wp-json\/wp\/v2\/posts\/43290\/revisions"}],"wp:featuredmedia":[{"embeddable":true,"href":"https:\/\/www.cordobatimes.com\/deportes\/wp-json\/wp\/v2\/media\/43300"}],"wp:attachment":[{"href":"https:\/\/www.cordobatimes.com\/deportes\/wp-json\/wp\/v2\/media?parent=43290"}],"wp:term":[{"taxonomy":"category","embeddable":true,"href":"https:\/\/www.cordobatimes.com\/deportes\/wp-json\/wp\/v2\/categories?post=43290"},{"taxonomy":"post_tag","embeddable":true,"href":"https:\/\/www.cordobatimes.com\/deportes\/wp-json\/wp\/v2\/tags?post=43290"}],"curies":[{"name":"wp","href":"https:\/\/api.w.org\/{rel}","templated":true}]}}